{"id":93,"date":"2010-11-14T09:28:00","date_gmt":"2010-11-14T09:28:00","guid":{"rendered":"http:\/\/www.vivirenalcorcon.com\/nueva-web\/blog\/2010\/11\/14\/los-impuestos-y-la-vivienda-redefinamos-los-conceptos\/"},"modified":"2010-11-14T09:28:00","modified_gmt":"2010-11-14T09:28:00","slug":"los-impuestos-y-la-vivienda-redefinamos-los-conceptos","status":"publish","type":"post","link":"https:\/\/www.nuevomilenio-inmo.com\/blog\/los-impuestos-y-la-vivienda-redefinamos-los-conceptos\/","title":{"rendered":"Los impuestos y la vivienda. Redefinamos los conceptos"},"content":{"rendered":"<p>Los s\u00edntomas de un modelo socioecon\u00f3mico agotado nos cercan cada vez m\u00e1s. Un pa\u00eds gordo, fofo, con mucho colesterol laboral, hipertensi\u00f3n y crisis de ansiedad. M\u00e1s de 4 millones de parados, m\u00e1s de 3 millones de funcionarios. Entidades p\u00fablicas nacionales, auton\u00f3micas y locales, cada vez m\u00e1s deficitarias que alimentan su \u00abmono\u00bb financiero \u00abcrujiendo\u00bb al ciudadano con impuestos claramente injustos y desfasados en lugar de aplicarlos racionalmente,&nbsp;redefiniendo&nbsp;conceptos, aunque&nbsp;ello no siempre suponga reducirlos. Nuestro nivel de protecci\u00f3n social, nuestras calles e infraestructuras, los servicios p\u00fablicos en general, alguien tiene que pagarlos, pero hag\u00e1moslo con sentido, altura de miras y adoptando soluciones&nbsp;actualizadas.<\/p>\n<ul>\n<li>\u00bfpor qu\u00e9 seguimos pagando el impuesto de plusval\u00eda municipal cuando nuestra vivienda incluso vale menos de lo que pagamos por ella?<\/li>\n<\/ul>\n<p><\/p>\n<ul>\n<li>\u00bfpor qu\u00e9 el comprador paga el 8% de IVA -obra nueva- y pronto tambi\u00e9n 8% de ITP -segunda mano- al comprarse su vivienda habitual? \u00bfy por qu\u00e9 en cambio si me compro un mercedes seminuevo pago s\u00f3lo el 4%?<\/li>\n<\/ul>\n<p><u><a href=\"http:\/\/www.abc.es\/20101108\/economia\/feudos-socialistas-suben-impuestos-20101108.html\">http:\/\/www.abc.es\/20101108\/economia\/feudos-socialistas-suben-impuestos-20101108.html<\/a><\/u><\/p>\n<ul>\n<li>\u00bfno ser\u00eda m\u00e1s justo por ejemplo que el grueso de la carga impositiva de las transmisiones lo pagase el vendedor y s\u00f3lo por la ganancia patrimonial obtenida?<\/li>\n<\/ul>\n<p>En fin ya me he descargado por hoy. Ma\u00f1ana&#8230;a pagar, que la cosa est\u00e1 muu mal.<\/p>\n","protected":false},"excerpt":{"rendered":"<p>Los s\u00edntomas de un modelo socioecon\u00f3mico agotado nos cercan cada vez m\u00e1s. Un pa\u00eds gordo, fofo, con mucho colesterol laboral, [&hellip;]<\/p>\n","protected":false},"author":1,"featured_media":0,"comment_status":"open","ping_status":"open","sticky":false,"template":"","format":"standard","meta":{"site-sidebar-layout":"default","site-content-layout":"","ast-site-content-layout":"default","site-content-style":"default","site-sidebar-style":"default","ast-global-header-display":"","ast-banner-title-visibility":"","ast-main-header-display":"","ast-hfb-above-header-display":"","ast-hfb-below-header-display":"","ast-hfb-mobile-header-display":"","site-post-title":"","ast-breadcrumbs-content":"","ast-featured-img":"","footer-sml-layout":"","theme-transparent-header-meta":"","adv-header-id-meta":"","stick-header-meta":"","header-above-stick-meta":"","header-main-stick-meta":"","header-below-stick-meta":"","astra-migrate-meta-layouts":"default","ast-page-background-enabled":"default","ast-page-background-meta":{"desktop":{"background-color":"var(--ast-global-color-4)","background-image":"","background-repeat":"repeat","background-position":"center center","background-size":"auto","background-attachment":"scroll","background-type":"","background-media":"","overlay-type":"","overlay-color":"","overlay-opacity":"","overlay-gradient":""},"tablet":{"background-color":"","background-image":"","background-repeat":"repeat","background-position":"center center","background-size":"auto","background-attachment":"scroll","background-type":"","background-media":"","overlay-type":"","overlay-color":"","overlay-opacity":"","overlay-gradient":""},"mobile":{"background-color":"","background-image":"","background-repeat":"repeat","background-position":"center center","background-size":"auto","background-attachment":"scroll","background-type":"","background-media":"","overlay-type":"","overlay-color":"","overlay-opacity":"","overlay-gradient":""}},"ast-content-background-meta":{"desktop":{"background-color":"var(--ast-global-color-5)","background-image":"","background-repeat":"repeat","background-position":"center center","background-size":"auto","background-attachment":"scroll","background-type":"","background-media":"","overlay-type":"","overlay-color":"","overlay-opacity":"","overlay-gradient":""},"tablet":{"background-color":"var(--ast-global-color-5)","background-image":"","background-repeat":"repeat","background-position":"center center","background-size":"auto","background-attachment":"scroll","background-type":"","background-media":"","overlay-type":"","overlay-color":"","overlay-opacity":"","overlay-gradient":""},"mobile":{"background-color":"var(--ast-global-color-5)","background-image":"","background-repeat":"repeat","background-position":"center center","background-size":"auto","background-attachment":"scroll","background-type":"","background-media":"","overlay-type":"","overlay-color":"","overlay-opacity":"","overlay-gradient":""}},"footnotes":""},"categories":[97],"tags":[],"class_list":["post-93","post","type-post","status-publish","format-standard","hentry","category-impuestos"],"yoast_head":"<!-- This site is optimized with the Yoast SEO plugin v27.5 - https:\/\/yoast.com\/product\/yoast-seo-wordpress\/ -->\n<title>Los impuestos y la vivienda. Redefinamos los conceptos -<\/title>\n<meta name=\"robots\" content=\"index, follow, max-snippet:-1, max-image-preview:large, max-video-preview:-1\" \/>\n<link rel=\"canonical\" href=\"https:\/\/www.nuevomilenio-inmo.com\/blog\/los-impuestos-y-la-vivienda-redefinamos-los-conceptos\/\" \/>\n<meta property=\"og:locale\" content=\"es_ES\" \/>\n<meta property=\"og:type\" content=\"article\" \/>\n<meta property=\"og:title\" content=\"Los impuestos y la vivienda. Redefinamos los conceptos -\" \/>\n<meta property=\"og:description\" content=\"Los s\u00edntomas de un modelo socioecon\u00f3mico agotado nos cercan cada vez m\u00e1s. Un pa\u00eds gordo, fofo, con mucho colesterol laboral, [&hellip;]\" \/>\n<meta property=\"og:url\" content=\"https:\/\/www.nuevomilenio-inmo.com\/blog\/los-impuestos-y-la-vivienda-redefinamos-los-conceptos\/\" \/>\n<meta property=\"article:publisher\" content=\"https:\/\/www.facebook.com\/nuevomilenioinmo\/\" \/>\n<meta property=\"article:author\" content=\"https:\/\/www.facebook.com\/nuevomilenioinmo\/\" \/>\n<meta property=\"article:published_time\" content=\"2010-11-14T09:28:00+00:00\" \/>\n<meta name=\"author\" content=\"milenio\" \/>\n<meta name=\"twitter:card\" content=\"summary_large_image\" \/>\n<meta name=\"twitter:creator\" content=\"@milenioinmo\" \/>\n<meta name=\"twitter:site\" content=\"@milenioinmo\" \/>\n<meta name=\"twitter:label1\" content=\"Escrito por\" \/>\n\t<meta name=\"twitter:data1\" content=\"milenio\" \/>\n\t<meta name=\"twitter:label2\" content=\"Tiempo de lectura\" \/>\n\t<meta name=\"twitter:data2\" content=\"1 minuto\" \/>\n<script type=\"application\/ld+json\" class=\"yoast-schema-graph\">{\"@context\":\"https:\\\/\\\/schema.org\",\"@graph\":[{\"@type\":\"Article\",\"@id\":\"https:\\\/\\\/www.nuevomilenio-inmo.com\\\/blog\\\/los-impuestos-y-la-vivienda-redefinamos-los-conceptos\\\/#article\",\"isPartOf\":{\"@id\":\"https:\\\/\\\/www.nuevomilenio-inmo.com\\\/blog\\\/los-impuestos-y-la-vivienda-redefinamos-los-conceptos\\\/\"},\"author\":{\"name\":\"milenio\",\"@id\":\"https:\\\/\\\/www.nuevomilenio-inmo.com\\\/blog\\\/#\\\/schema\\\/person\\\/02a2314099283198817f5893070c4148\"},\"headline\":\"Los impuestos y la vivienda. Redefinamos los conceptos\",\"datePublished\":\"2010-11-14T09:28:00+00:00\",\"mainEntityOfPage\":{\"@id\":\"https:\\\/\\\/www.nuevomilenio-inmo.com\\\/blog\\\/los-impuestos-y-la-vivienda-redefinamos-los-conceptos\\\/\"},\"wordCount\":241,\"commentCount\":0,\"publisher\":{\"@id\":\"https:\\\/\\\/www.nuevomilenio-inmo.com\\\/blog\\\/#organization\"},\"articleSection\":[\"Impuestos\"],\"inLanguage\":\"es\",\"potentialAction\":[{\"@type\":\"CommentAction\",\"name\":\"Comment\",\"target\":[\"https:\\\/\\\/www.nuevomilenio-inmo.com\\\/blog\\\/los-impuestos-y-la-vivienda-redefinamos-los-conceptos\\\/#respond\"]}]},{\"@type\":\"WebPage\",\"@id\":\"https:\\\/\\\/www.nuevomilenio-inmo.com\\\/blog\\\/los-impuestos-y-la-vivienda-redefinamos-los-conceptos\\\/\",\"url\":\"https:\\\/\\\/www.nuevomilenio-inmo.com\\\/blog\\\/los-impuestos-y-la-vivienda-redefinamos-los-conceptos\\\/\",\"name\":\"Los impuestos y la vivienda. Redefinamos los conceptos -\",\"isPartOf\":{\"@id\":\"https:\\\/\\\/www.nuevomilenio-inmo.com\\\/blog\\\/#website\"},\"datePublished\":\"2010-11-14T09:28:00+00:00\",\"breadcrumb\":{\"@id\":\"https:\\\/\\\/www.nuevomilenio-inmo.com\\\/blog\\\/los-impuestos-y-la-vivienda-redefinamos-los-conceptos\\\/#breadcrumb\"},\"inLanguage\":\"es\",\"potentialAction\":[{\"@type\":\"ReadAction\",\"target\":[\"https:\\\/\\\/www.nuevomilenio-inmo.com\\\/blog\\\/los-impuestos-y-la-vivienda-redefinamos-los-conceptos\\\/\"]}]},{\"@type\":\"BreadcrumbList\",\"@id\":\"https:\\\/\\\/www.nuevomilenio-inmo.com\\\/blog\\\/los-impuestos-y-la-vivienda-redefinamos-los-conceptos\\\/#breadcrumb\",\"itemListElement\":[{\"@type\":\"ListItem\",\"position\":1,\"name\":\"Portada\",\"item\":\"https:\\\/\\\/www.nuevomilenio-inmo.com\\\/blog\\\/\"},{\"@type\":\"ListItem\",\"position\":2,\"name\":\"Los impuestos y la vivienda. Redefinamos los conceptos\"}]},{\"@type\":\"WebSite\",\"@id\":\"https:\\\/\\\/www.nuevomilenio-inmo.com\\\/blog\\\/#website\",\"url\":\"https:\\\/\\\/www.nuevomilenio-inmo.com\\\/blog\\\/\",\"name\":\"Blog de Nuevo Milenio\",\"description\":\"\",\"publisher\":{\"@id\":\"https:\\\/\\\/www.nuevomilenio-inmo.com\\\/blog\\\/#organization\"},\"potentialAction\":[{\"@type\":\"SearchAction\",\"target\":{\"@type\":\"EntryPoint\",\"urlTemplate\":\"https:\\\/\\\/www.nuevomilenio-inmo.com\\\/blog\\\/?s={search_term_string}\"},\"query-input\":{\"@type\":\"PropertyValueSpecification\",\"valueRequired\":true,\"valueName\":\"search_term_string\"}}],\"inLanguage\":\"es\"},{\"@type\":\"Organization\",\"@id\":\"https:\\\/\\\/www.nuevomilenio-inmo.com\\\/blog\\\/#organization\",\"name\":\"Nuevo Milenio Inmobiliaria\",\"url\":\"https:\\\/\\\/www.nuevomilenio-inmo.com\\\/blog\\\/\",\"logo\":{\"@type\":\"ImageObject\",\"inLanguage\":\"es\",\"@id\":\"https:\\\/\\\/www.nuevomilenio-inmo.com\\\/blog\\\/#\\\/schema\\\/logo\\\/image\\\/\",\"url\":\"https:\\\/\\\/www.nuevomilenio-inmo.com\\\/blog\\\/wp-content\\\/uploads\\\/2017\\\/12\\\/cropped-cropped-Logo-NM-2016.jpg\",\"contentUrl\":\"https:\\\/\\\/www.nuevomilenio-inmo.com\\\/blog\\\/wp-content\\\/uploads\\\/2017\\\/12\\\/cropped-cropped-Logo-NM-2016.jpg\",\"width\":878,\"height\":169,\"caption\":\"Nuevo Milenio Inmobiliaria\"},\"image\":{\"@id\":\"https:\\\/\\\/www.nuevomilenio-inmo.com\\\/blog\\\/#\\\/schema\\\/logo\\\/image\\\/\"},\"sameAs\":[\"https:\\\/\\\/www.facebook.com\\\/nuevomilenioinmo\\\/\",\"https:\\\/\\\/x.com\\\/milenioinmo\"]},{\"@type\":\"Person\",\"@id\":\"https:\\\/\\\/www.nuevomilenio-inmo.com\\\/blog\\\/#\\\/schema\\\/person\\\/02a2314099283198817f5893070c4148\",\"name\":\"milenio\",\"image\":{\"@type\":\"ImageObject\",\"inLanguage\":\"es\",\"@id\":\"https:\\\/\\\/secure.gravatar.com\\\/avatar\\\/752b096831d3fe90fde96eb5b0d1174d5e05b434a068c36526ad2198667a6eb0?s=96&d=mm&r=g\",\"url\":\"https:\\\/\\\/secure.gravatar.com\\\/avatar\\\/752b096831d3fe90fde96eb5b0d1174d5e05b434a068c36526ad2198667a6eb0?s=96&d=mm&r=g\",\"contentUrl\":\"https:\\\/\\\/secure.gravatar.com\\\/avatar\\\/752b096831d3fe90fde96eb5b0d1174d5e05b434a068c36526ad2198667a6eb0?s=96&d=mm&r=g\",\"caption\":\"milenio\"},\"sameAs\":[\"https:\\\/\\\/www.facebook.com\\\/nuevomilenioinmo\\\/\",\"https:\\\/\\\/x.com\\\/milenioinmo\"]}]}<\/script>\n<!-- \/ Yoast SEO plugin. -->","yoast_head_json":{"title":"Los impuestos y la vivienda. Redefinamos los conceptos -","robots":{"index":"index","follow":"follow","max-snippet":"max-snippet:-1","max-image-preview":"max-image-preview:large","max-video-preview":"max-video-preview:-1"},"canonical":"https:\/\/www.nuevomilenio-inmo.com\/blog\/los-impuestos-y-la-vivienda-redefinamos-los-conceptos\/","og_locale":"es_ES","og_type":"article","og_title":"Los impuestos y la vivienda. Redefinamos los conceptos -","og_description":"Los s\u00edntomas de un modelo socioecon\u00f3mico agotado nos cercan cada vez m\u00e1s. Un pa\u00eds gordo, fofo, con mucho colesterol laboral, [&hellip;]","og_url":"https:\/\/www.nuevomilenio-inmo.com\/blog\/los-impuestos-y-la-vivienda-redefinamos-los-conceptos\/","article_publisher":"https:\/\/www.facebook.com\/nuevomilenioinmo\/","article_author":"https:\/\/www.facebook.com\/nuevomilenioinmo\/","article_published_time":"2010-11-14T09:28:00+00:00","author":"milenio","twitter_card":"summary_large_image","twitter_creator":"@milenioinmo","twitter_site":"@milenioinmo","twitter_misc":{"Escrito por":"milenio","Tiempo de lectura":"1 minuto"},"schema":{"@context":"https:\/\/schema.org","@graph":[{"@type":"Article","@id":"https:\/\/www.nuevomilenio-inmo.com\/blog\/los-impuestos-y-la-vivienda-redefinamos-los-conceptos\/#article","isPartOf":{"@id":"https:\/\/www.nuevomilenio-inmo.com\/blog\/los-impuestos-y-la-vivienda-redefinamos-los-conceptos\/"},"author":{"name":"milenio","@id":"https:\/\/www.nuevomilenio-inmo.com\/blog\/#\/schema\/person\/02a2314099283198817f5893070c4148"},"headline":"Los impuestos y la vivienda. Redefinamos los conceptos","datePublished":"2010-11-14T09:28:00+00:00","mainEntityOfPage":{"@id":"https:\/\/www.nuevomilenio-inmo.com\/blog\/los-impuestos-y-la-vivienda-redefinamos-los-conceptos\/"},"wordCount":241,"commentCount":0,"publisher":{"@id":"https:\/\/www.nuevomilenio-inmo.com\/blog\/#organization"},"articleSection":["Impuestos"],"inLanguage":"es","potentialAction":[{"@type":"CommentAction","name":"Comment","target":["https:\/\/www.nuevomilenio-inmo.com\/blog\/los-impuestos-y-la-vivienda-redefinamos-los-conceptos\/#respond"]}]},{"@type":"WebPage","@id":"https:\/\/www.nuevomilenio-inmo.com\/blog\/los-impuestos-y-la-vivienda-redefinamos-los-conceptos\/","url":"https:\/\/www.nuevomilenio-inmo.com\/blog\/los-impuestos-y-la-vivienda-redefinamos-los-conceptos\/","name":"Los impuestos y la vivienda. Redefinamos los conceptos -","isPartOf":{"@id":"https:\/\/www.nuevomilenio-inmo.com\/blog\/#website"},"datePublished":"2010-11-14T09:28:00+00:00","breadcrumb":{"@id":"https:\/\/www.nuevomilenio-inmo.com\/blog\/los-impuestos-y-la-vivienda-redefinamos-los-conceptos\/#breadcrumb"},"inLanguage":"es","potentialAction":[{"@type":"ReadAction","target":["https:\/\/www.nuevomilenio-inmo.com\/blog\/los-impuestos-y-la-vivienda-redefinamos-los-conceptos\/"]}]},{"@type":"BreadcrumbList","@id":"https:\/\/www.nuevomilenio-inmo.com\/blog\/los-impuestos-y-la-vivienda-redefinamos-los-conceptos\/#breadcrumb","itemListElement":[{"@type":"ListItem","position":1,"name":"Portada","item":"https:\/\/www.nuevomilenio-inmo.com\/blog\/"},{"@type":"ListItem","position":2,"name":"Los impuestos y la vivienda. Redefinamos los conceptos"}]},{"@type":"WebSite","@id":"https:\/\/www.nuevomilenio-inmo.com\/blog\/#website","url":"https:\/\/www.nuevomilenio-inmo.com\/blog\/","name":"Blog de Nuevo Milenio","description":"","publisher":{"@id":"https:\/\/www.nuevomilenio-inmo.com\/blog\/#organization"},"potentialAction":[{"@type":"SearchAction","target":{"@type":"EntryPoint","urlTemplate":"https:\/\/www.nuevomilenio-inmo.com\/blog\/?s={search_term_string}"},"query-input":{"@type":"PropertyValueSpecification","valueRequired":true,"valueName":"search_term_string"}}],"inLanguage":"es"},{"@type":"Organization","@id":"https:\/\/www.nuevomilenio-inmo.com\/blog\/#organization","name":"Nuevo Milenio Inmobiliaria","url":"https:\/\/www.nuevomilenio-inmo.com\/blog\/","logo":{"@type":"ImageObject","inLanguage":"es","@id":"https:\/\/www.nuevomilenio-inmo.com\/blog\/#\/schema\/logo\/image\/","url":"https:\/\/www.nuevomilenio-inmo.com\/blog\/wp-content\/uploads\/2017\/12\/cropped-cropped-Logo-NM-2016.jpg","contentUrl":"https:\/\/www.nuevomilenio-inmo.com\/blog\/wp-content\/uploads\/2017\/12\/cropped-cropped-Logo-NM-2016.jpg","width":878,"height":169,"caption":"Nuevo Milenio Inmobiliaria"},"image":{"@id":"https:\/\/www.nuevomilenio-inmo.com\/blog\/#\/schema\/logo\/image\/"},"sameAs":["https:\/\/www.facebook.com\/nuevomilenioinmo\/","https:\/\/x.com\/milenioinmo"]},{"@type":"Person","@id":"https:\/\/www.nuevomilenio-inmo.com\/blog\/#\/schema\/person\/02a2314099283198817f5893070c4148","name":"milenio","image":{"@type":"ImageObject","inLanguage":"es","@id":"https:\/\/secure.gravatar.com\/avatar\/752b096831d3fe90fde96eb5b0d1174d5e05b434a068c36526ad2198667a6eb0?s=96&d=mm&r=g","url":"https:\/\/secure.gravatar.com\/avatar\/752b096831d3fe90fde96eb5b0d1174d5e05b434a068c36526ad2198667a6eb0?s=96&d=mm&r=g","contentUrl":"https:\/\/secure.gravatar.com\/avatar\/752b096831d3fe90fde96eb5b0d1174d5e05b434a068c36526ad2198667a6eb0?s=96&d=mm&r=g","caption":"milenio"},"sameAs":["https:\/\/www.facebook.com\/nuevomilenioinmo\/","https:\/\/x.com\/milenioinmo"]}]}},"_links":{"self":[{"href":"https:\/\/www.nuevomilenio-inmo.com\/blog\/wp-json\/wp\/v2\/posts\/93","targetHints":{"allow":["GET"]}}],"collection":[{"href":"https:\/\/www.nuevomilenio-inmo.com\/blog\/wp-json\/wp\/v2\/posts"}],"about":[{"href":"https:\/\/www.nuevomilenio-inmo.com\/blog\/wp-json\/wp\/v2\/types\/post"}],"author":[{"embeddable":true,"href":"https:\/\/www.nuevomilenio-inmo.com\/blog\/wp-json\/wp\/v2\/users\/1"}],"replies":[{"embeddable":true,"href":"https:\/\/www.nuevomilenio-inmo.com\/blog\/wp-json\/wp\/v2\/comments?post=93"}],"version-history":[{"count":0,"href":"https:\/\/www.nuevomilenio-inmo.com\/blog\/wp-json\/wp\/v2\/posts\/93\/revisions"}],"wp:attachment":[{"href":"https:\/\/www.nuevomilenio-inmo.com\/blog\/wp-json\/wp\/v2\/media?parent=93"}],"wp:term":[{"taxonomy":"category","embeddable":true,"href":"https:\/\/www.nuevomilenio-inmo.com\/blog\/wp-json\/wp\/v2\/categories?post=93"},{"taxonomy":"post_tag","embeddable":true,"href":"https:\/\/www.nuevomilenio-inmo.com\/blog\/wp-json\/wp\/v2\/tags?post=93"}],"curies":[{"name":"wp","href":"https:\/\/api.w.org\/{rel}","templated":true}]}}