{"id":85,"date":"2011-09-12T17:26:00","date_gmt":"2011-09-12T17:26:00","guid":{"rendered":"http:\/\/www.vivirenalcorcon.com\/nueva-web\/blog\/2011\/09\/12\/la-vuelta-al-cole-septiembre-inmobiliario-en-alcorcon\/"},"modified":"2015-10-19T10:15:02","modified_gmt":"2015-10-19T10:15:02","slug":"la-vuelta-al-cole-septiembre-inmobiliario-en-alcorcon","status":"publish","type":"post","link":"https:\/\/www.nuevomilenio-inmo.com\/blog\/la-vuelta-al-cole-septiembre-inmobiliario-en-alcorcon\/","title":{"rendered":"LA VUELTA AL COLE&#8230;septiembre inmobiliario en Alcorc\u00f3n"},"content":{"rendered":"<p><span style=\"font-family: Arial, Helvetica, sans-serif;\">Ya comenz\u00f3 septiembre y, con \u00e9l, la vuelta a la rutina despu\u00e9s del par\u00e9ntesis estival. Hayas tenido m\u00e1s o menos vacaciones, sin duda el verano te anestesia en algunas cosas pero te da tiempo a pensar en lo que tienes y planificar lo que est\u00e1 por venir. Y no se trata de incidir m\u00e1s aqu\u00ed en lo que ya sabemos: que llevamos 4 a\u00f1os de crisis inmobiliaria y que 2011 ha supuesto una reca\u00edda del enfermo que convalec\u00eda a finales de 2010. M\u00e1s all\u00e1 de las estad\u00edsticas y noticias de coyuntura econ\u00f3mica que no dejamos de recibir, est\u00e1 lo que percibimos en nuestra realidad cotidiana que, me atrevo a decir, es lo que m\u00e1s valor tiene en la consecuci\u00f3n de nuestro objetivo personal. Lo que nos debe preocupar es lo que pasa a nuestro alrededor, lo que vemos cada d\u00eda, lo que nos afecta m\u00e1s directamente personal o profesionalmente<span style=\"color: #1f497d; mso-themecolor: dark2;\">. Y<\/span> debemos pensar en ello con cierta altura de miras.<\/span><\/p>\n<div style=\"margin: 0cm 0cm 0pt;\"><\/div>\n<div style=\"clear: both; text-align: center;\"><span style=\"clear: left; float: left; font-family: Arial, Helvetica, sans-serif; margin-bottom: 1em; margin-right: 1em;\"><img decoding=\"async\" border=\"0\" src=\"http:\/\/2.bp.blogspot.com\/-yX1t25Vm178\/Tm47sBLZSXI\/AAAAAAAAAGM\/R-Yq8chHo8Q\/s1600\/chicoaburrido.jpg\" \/><\/span><span style=\"font-family: Arial, Helvetica, sans-serif;\"><\/span><\/div>\n<div style=\"margin: 0cm 0cm 0pt;\"><span style=\"font-family: Arial, Helvetica, sans-serif;\">Siempre digo que el septiembre inmobiliario es un mes de reflexiones: \u00a1qu\u00e9 hacer con el piso que tengo en venta y no lo vendo! \u00bfponemos el piso en venta y compramos uno mejor? \u00bfser\u00e1 mejor alquilar que comprar? \u00bfmerece la pena comprar como inversi\u00f3n? \u00bfbajar\u00e1n m\u00e1s los pisos y convendr\u00e1 esperar?. <\/span><\/div>\n<div style=\"margin: 0cm 0cm 0pt;\"><\/div>\n<div style=\"margin: 0cm 0cm 0pt;\"><span style=\"font-family: Arial, Helvetica, sans-serif;\">Pues para ayudarte en ello est\u00e1 tu asesor inmobiliario, conf\u00eda en \u00e9l.<\/span><\/div>\n","protected":false},"excerpt":{"rendered":"<p>Ya comenz\u00f3 septiembre y, con \u00e9l, la vuelta a la rutina despu\u00e9s del par\u00e9ntesis estival. Hayas tenido m\u00e1s o menos [&hellip;]<\/p>\n","protected":false},"author":1,"featured_media":0,"comment_status":"open","ping_status":"open","sticky":false,"template":"","format":"standard","meta":{"site-sidebar-layout":"default","site-content-layout":"","ast-site-content-layout":"default","site-content-style":"default","site-sidebar-style":"default","ast-global-header-display":"","ast-banner-title-visibility":"","ast-main-header-display":"","ast-hfb-above-header-display":"","ast-hfb-below-header-display":"","ast-hfb-mobile-header-display":"","site-post-title":"","ast-breadcrumbs-content":"","ast-featured-img":"","footer-sml-layout":"","theme-transparent-header-meta":"","adv-header-id-meta":"","stick-header-meta":"","header-above-stick-meta":"","header-main-stick-meta":"","header-below-stick-meta":"","astra-migrate-meta-layouts":"default","ast-page-background-enabled":"default","ast-page-background-meta":{"desktop":{"background-color":"var(--ast-global-color-4)","background-image":"","background-repeat":"repeat","background-position":"center center","background-size":"auto","background-attachment":"scroll","background-type":"","background-media":"","overlay-type":"","overlay-color":"","overlay-opacity":"","overlay-gradient":""},"tablet":{"background-color":"","background-image":"","background-repeat":"repeat","background-position":"center center","background-size":"auto","background-attachment":"scroll","background-type":"","background-media":"","overlay-type":"","overlay-color":"","overlay-opacity":"","overlay-gradient":""},"mobile":{"background-color":"","background-image":"","background-repeat":"repeat","background-position":"center center","background-size":"auto","background-attachment":"scroll","background-type":"","background-media":"","overlay-type":"","overlay-color":"","overlay-opacity":"","overlay-gradient":""}},"ast-content-background-meta":{"desktop":{"background-color":"var(--ast-global-color-5)","background-image":"","background-repeat":"repeat","background-position":"center center","background-size":"auto","background-attachment":"scroll","background-type":"","background-media":"","overlay-type":"","overlay-color":"","overlay-opacity":"","overlay-gradient":""},"tablet":{"background-color":"var(--ast-global-color-5)","background-image":"","background-repeat":"repeat","background-position":"center center","background-size":"auto","background-attachment":"scroll","background-type":"","background-media":"","overlay-type":"","overlay-color":"","overlay-opacity":"","overlay-gradient":""},"mobile":{"background-color":"var(--ast-global-color-5)","background-image":"","background-repeat":"repeat","background-position":"center center","background-size":"auto","background-attachment":"scroll","background-type":"","background-media":"","overlay-type":"","overlay-color":"","overlay-opacity":"","overlay-gradient":""}},"footnotes":""},"categories":[50,161],"tags":[],"class_list":["post-85","post","type-post","status-publish","format-standard","hentry","category-alcorcon","category-nuevo-milenio"],"yoast_head":"<!-- This site is optimized with the Yoast SEO plugin v27.5 - https:\/\/yoast.com\/product\/yoast-seo-wordpress\/ -->\n<title>LA VUELTA AL COLE...septiembre inmobiliario en Alcorc\u00f3n -<\/title>\n<meta name=\"robots\" content=\"index, follow, max-snippet:-1, max-image-preview:large, max-video-preview:-1\" \/>\n<link rel=\"canonical\" href=\"https:\/\/www.nuevomilenio-inmo.com\/blog\/la-vuelta-al-cole-septiembre-inmobiliario-en-alcorcon\/\" \/>\n<meta property=\"og:locale\" content=\"es_ES\" \/>\n<meta property=\"og:type\" content=\"article\" \/>\n<meta property=\"og:title\" content=\"LA VUELTA AL COLE...septiembre inmobiliario en Alcorc\u00f3n -\" \/>\n<meta property=\"og:description\" content=\"Ya comenz\u00f3 septiembre y, con \u00e9l, la vuelta a la rutina despu\u00e9s del par\u00e9ntesis estival. Hayas tenido m\u00e1s o menos [&hellip;]\" \/>\n<meta property=\"og:url\" content=\"https:\/\/www.nuevomilenio-inmo.com\/blog\/la-vuelta-al-cole-septiembre-inmobiliario-en-alcorcon\/\" \/>\n<meta property=\"article:publisher\" content=\"https:\/\/www.facebook.com\/nuevomilenioinmo\/\" \/>\n<meta property=\"article:author\" content=\"https:\/\/www.facebook.com\/nuevomilenioinmo\/\" \/>\n<meta property=\"article:published_time\" content=\"2011-09-12T17:26:00+00:00\" \/>\n<meta property=\"article:modified_time\" content=\"2015-10-19T10:15:02+00:00\" \/>\n<meta property=\"og:image\" content=\"http:\/\/2.bp.blogspot.com\/-yX1t25Vm178\/Tm47sBLZSXI\/AAAAAAAAAGM\/R-Yq8chHo8Q\/s1600\/chicoaburrido.jpg\" \/>\n<meta name=\"author\" content=\"milenio\" \/>\n<meta name=\"twitter:card\" content=\"summary_large_image\" \/>\n<meta name=\"twitter:creator\" content=\"@milenioinmo\" \/>\n<meta name=\"twitter:site\" content=\"@milenioinmo\" \/>\n<meta name=\"twitter:label1\" content=\"Escrito por\" \/>\n\t<meta name=\"twitter:data1\" content=\"milenio\" \/>\n\t<meta name=\"twitter:label2\" content=\"Tiempo de lectura\" \/>\n\t<meta name=\"twitter:data2\" content=\"1 minuto\" \/>\n<script type=\"application\/ld+json\" class=\"yoast-schema-graph\">{\"@context\":\"https:\\\/\\\/schema.org\",\"@graph\":[{\"@type\":\"Article\",\"@id\":\"https:\\\/\\\/www.nuevomilenio-inmo.com\\\/blog\\\/la-vuelta-al-cole-septiembre-inmobiliario-en-alcorcon\\\/#article\",\"isPartOf\":{\"@id\":\"https:\\\/\\\/www.nuevomilenio-inmo.com\\\/blog\\\/la-vuelta-al-cole-septiembre-inmobiliario-en-alcorcon\\\/\"},\"author\":{\"name\":\"milenio\",\"@id\":\"https:\\\/\\\/www.nuevomilenio-inmo.com\\\/blog\\\/#\\\/schema\\\/person\\\/02a2314099283198817f5893070c4148\"},\"headline\":\"LA VUELTA AL COLE&#8230;septiembre inmobiliario en Alcorc\u00f3n\",\"datePublished\":\"2011-09-12T17:26:00+00:00\",\"dateModified\":\"2015-10-19T10:15:02+00:00\",\"mainEntityOfPage\":{\"@id\":\"https:\\\/\\\/www.nuevomilenio-inmo.com\\\/blog\\\/la-vuelta-al-cole-septiembre-inmobiliario-en-alcorcon\\\/\"},\"wordCount\":246,\"commentCount\":0,\"publisher\":{\"@id\":\"https:\\\/\\\/www.nuevomilenio-inmo.com\\\/blog\\\/#organization\"},\"image\":{\"@id\":\"https:\\\/\\\/www.nuevomilenio-inmo.com\\\/blog\\\/la-vuelta-al-cole-septiembre-inmobiliario-en-alcorcon\\\/#primaryimage\"},\"thumbnailUrl\":\"http:\\\/\\\/2.bp.blogspot.com\\\/-yX1t25Vm178\\\/Tm47sBLZSXI\\\/AAAAAAAAAGM\\\/R-Yq8chHo8Q\\\/s1600\\\/chicoaburrido.jpg\",\"articleSection\":[\"Alcorc\u00f3n\",\"Nuevo Milenio\"],\"inLanguage\":\"es\",\"potentialAction\":[{\"@type\":\"CommentAction\",\"name\":\"Comment\",\"target\":[\"https:\\\/\\\/www.nuevomilenio-inmo.com\\\/blog\\\/la-vuelta-al-cole-septiembre-inmobiliario-en-alcorcon\\\/#respond\"]}]},{\"@type\":\"WebPage\",\"@id\":\"https:\\\/\\\/www.nuevomilenio-inmo.com\\\/blog\\\/la-vuelta-al-cole-septiembre-inmobiliario-en-alcorcon\\\/\",\"url\":\"https:\\\/\\\/www.nuevomilenio-inmo.com\\\/blog\\\/la-vuelta-al-cole-septiembre-inmobiliario-en-alcorcon\\\/\",\"name\":\"LA VUELTA AL COLE...septiembre inmobiliario en Alcorc\u00f3n -\",\"isPartOf\":{\"@id\":\"https:\\\/\\\/www.nuevomilenio-inmo.com\\\/blog\\\/#website\"},\"primaryImageOfPage\":{\"@id\":\"https:\\\/\\\/www.nuevomilenio-inmo.com\\\/blog\\\/la-vuelta-al-cole-septiembre-inmobiliario-en-alcorcon\\\/#primaryimage\"},\"image\":{\"@id\":\"https:\\\/\\\/www.nuevomilenio-inmo.com\\\/blog\\\/la-vuelta-al-cole-septiembre-inmobiliario-en-alcorcon\\\/#primaryimage\"},\"thumbnailUrl\":\"http:\\\/\\\/2.bp.blogspot.com\\\/-yX1t25Vm178\\\/Tm47sBLZSXI\\\/AAAAAAAAAGM\\\/R-Yq8chHo8Q\\\/s1600\\\/chicoaburrido.jpg\",\"datePublished\":\"2011-09-12T17:26:00+00:00\",\"dateModified\":\"2015-10-19T10:15:02+00:00\",\"breadcrumb\":{\"@id\":\"https:\\\/\\\/www.nuevomilenio-inmo.com\\\/blog\\\/la-vuelta-al-cole-septiembre-inmobiliario-en-alcorcon\\\/#breadcrumb\"},\"inLanguage\":\"es\",\"potentialAction\":[{\"@type\":\"ReadAction\",\"target\":[\"https:\\\/\\\/www.nuevomilenio-inmo.com\\\/blog\\\/la-vuelta-al-cole-septiembre-inmobiliario-en-alcorcon\\\/\"]}]},{\"@type\":\"ImageObject\",\"inLanguage\":\"es\",\"@id\":\"https:\\\/\\\/www.nuevomilenio-inmo.com\\\/blog\\\/la-vuelta-al-cole-septiembre-inmobiliario-en-alcorcon\\\/#primaryimage\",\"url\":\"http:\\\/\\\/2.bp.blogspot.com\\\/-yX1t25Vm178\\\/Tm47sBLZSXI\\\/AAAAAAAAAGM\\\/R-Yq8chHo8Q\\\/s1600\\\/chicoaburrido.jpg\",\"contentUrl\":\"http:\\\/\\\/2.bp.blogspot.com\\\/-yX1t25Vm178\\\/Tm47sBLZSXI\\\/AAAAAAAAAGM\\\/R-Yq8chHo8Q\\\/s1600\\\/chicoaburrido.jpg\"},{\"@type\":\"BreadcrumbList\",\"@id\":\"https:\\\/\\\/www.nuevomilenio-inmo.com\\\/blog\\\/la-vuelta-al-cole-septiembre-inmobiliario-en-alcorcon\\\/#breadcrumb\",\"itemListElement\":[{\"@type\":\"ListItem\",\"position\":1,\"name\":\"Portada\",\"item\":\"https:\\\/\\\/www.nuevomilenio-inmo.com\\\/blog\\\/\"},{\"@type\":\"ListItem\",\"position\":2,\"name\":\"LA VUELTA AL COLE&#8230;septiembre inmobiliario en Alcorc\u00f3n\"}]},{\"@type\":\"WebSite\",\"@id\":\"https:\\\/\\\/www.nuevomilenio-inmo.com\\\/blog\\\/#website\",\"url\":\"https:\\\/\\\/www.nuevomilenio-inmo.com\\\/blog\\\/\",\"name\":\"Blog de Nuevo Milenio\",\"description\":\"\",\"publisher\":{\"@id\":\"https:\\\/\\\/www.nuevomilenio-inmo.com\\\/blog\\\/#organization\"},\"potentialAction\":[{\"@type\":\"SearchAction\",\"target\":{\"@type\":\"EntryPoint\",\"urlTemplate\":\"https:\\\/\\\/www.nuevomilenio-inmo.com\\\/blog\\\/?s={search_term_string}\"},\"query-input\":{\"@type\":\"PropertyValueSpecification\",\"valueRequired\":true,\"valueName\":\"search_term_string\"}}],\"inLanguage\":\"es\"},{\"@type\":\"Organization\",\"@id\":\"https:\\\/\\\/www.nuevomilenio-inmo.com\\\/blog\\\/#organization\",\"name\":\"Nuevo Milenio Inmobiliaria\",\"url\":\"https:\\\/\\\/www.nuevomilenio-inmo.com\\\/blog\\\/\",\"logo\":{\"@type\":\"ImageObject\",\"inLanguage\":\"es\",\"@id\":\"https:\\\/\\\/www.nuevomilenio-inmo.com\\\/blog\\\/#\\\/schema\\\/logo\\\/image\\\/\",\"url\":\"https:\\\/\\\/www.nuevomilenio-inmo.com\\\/blog\\\/wp-content\\\/uploads\\\/2017\\\/12\\\/cropped-cropped-Logo-NM-2016.jpg\",\"contentUrl\":\"https:\\\/\\\/www.nuevomilenio-inmo.com\\\/blog\\\/wp-content\\\/uploads\\\/2017\\\/12\\\/cropped-cropped-Logo-NM-2016.jpg\",\"width\":878,\"height\":169,\"caption\":\"Nuevo Milenio Inmobiliaria\"},\"image\":{\"@id\":\"https:\\\/\\\/www.nuevomilenio-inmo.com\\\/blog\\\/#\\\/schema\\\/logo\\\/image\\\/\"},\"sameAs\":[\"https:\\\/\\\/www.facebook.com\\\/nuevomilenioinmo\\\/\",\"https:\\\/\\\/x.com\\\/milenioinmo\"]},{\"@type\":\"Person\",\"@id\":\"https:\\\/\\\/www.nuevomilenio-inmo.com\\\/blog\\\/#\\\/schema\\\/person\\\/02a2314099283198817f5893070c4148\",\"name\":\"milenio\",\"image\":{\"@type\":\"ImageObject\",\"inLanguage\":\"es\",\"@id\":\"https:\\\/\\\/secure.gravatar.com\\\/avatar\\\/752b096831d3fe90fde96eb5b0d1174d5e05b434a068c36526ad2198667a6eb0?s=96&d=mm&r=g\",\"url\":\"https:\\\/\\\/secure.gravatar.com\\\/avatar\\\/752b096831d3fe90fde96eb5b0d1174d5e05b434a068c36526ad2198667a6eb0?s=96&d=mm&r=g\",\"contentUrl\":\"https:\\\/\\\/secure.gravatar.com\\\/avatar\\\/752b096831d3fe90fde96eb5b0d1174d5e05b434a068c36526ad2198667a6eb0?s=96&d=mm&r=g\",\"caption\":\"milenio\"},\"sameAs\":[\"https:\\\/\\\/www.facebook.com\\\/nuevomilenioinmo\\\/\",\"https:\\\/\\\/x.com\\\/milenioinmo\"]}]}<\/script>\n<!-- \/ Yoast SEO plugin. -->","yoast_head_json":{"title":"LA VUELTA AL COLE...septiembre inmobiliario en Alcorc\u00f3n -","robots":{"index":"index","follow":"follow","max-snippet":"max-snippet:-1","max-image-preview":"max-image-preview:large","max-video-preview":"max-video-preview:-1"},"canonical":"https:\/\/www.nuevomilenio-inmo.com\/blog\/la-vuelta-al-cole-septiembre-inmobiliario-en-alcorcon\/","og_locale":"es_ES","og_type":"article","og_title":"LA VUELTA AL COLE...septiembre inmobiliario en Alcorc\u00f3n -","og_description":"Ya comenz\u00f3 septiembre y, con \u00e9l, la vuelta a la rutina despu\u00e9s del par\u00e9ntesis estival. Hayas tenido m\u00e1s o menos [&hellip;]","og_url":"https:\/\/www.nuevomilenio-inmo.com\/blog\/la-vuelta-al-cole-septiembre-inmobiliario-en-alcorcon\/","article_publisher":"https:\/\/www.facebook.com\/nuevomilenioinmo\/","article_author":"https:\/\/www.facebook.com\/nuevomilenioinmo\/","article_published_time":"2011-09-12T17:26:00+00:00","article_modified_time":"2015-10-19T10:15:02+00:00","og_image":[{"url":"http:\/\/2.bp.blogspot.com\/-yX1t25Vm178\/Tm47sBLZSXI\/AAAAAAAAAGM\/R-Yq8chHo8Q\/s1600\/chicoaburrido.jpg","type":"","width":"","height":""}],"author":"milenio","twitter_card":"summary_large_image","twitter_creator":"@milenioinmo","twitter_site":"@milenioinmo","twitter_misc":{"Escrito por":"milenio","Tiempo de lectura":"1 minuto"},"schema":{"@context":"https:\/\/schema.org","@graph":[{"@type":"Article","@id":"https:\/\/www.nuevomilenio-inmo.com\/blog\/la-vuelta-al-cole-septiembre-inmobiliario-en-alcorcon\/#article","isPartOf":{"@id":"https:\/\/www.nuevomilenio-inmo.com\/blog\/la-vuelta-al-cole-septiembre-inmobiliario-en-alcorcon\/"},"author":{"name":"milenio","@id":"https:\/\/www.nuevomilenio-inmo.com\/blog\/#\/schema\/person\/02a2314099283198817f5893070c4148"},"headline":"LA VUELTA AL COLE&#8230;septiembre inmobiliario en Alcorc\u00f3n","datePublished":"2011-09-12T17:26:00+00:00","dateModified":"2015-10-19T10:15:02+00:00","mainEntityOfPage":{"@id":"https:\/\/www.nuevomilenio-inmo.com\/blog\/la-vuelta-al-cole-septiembre-inmobiliario-en-alcorcon\/"},"wordCount":246,"commentCount":0,"publisher":{"@id":"https:\/\/www.nuevomilenio-inmo.com\/blog\/#organization"},"image":{"@id":"https:\/\/www.nuevomilenio-inmo.com\/blog\/la-vuelta-al-cole-septiembre-inmobiliario-en-alcorcon\/#primaryimage"},"thumbnailUrl":"http:\/\/2.bp.blogspot.com\/-yX1t25Vm178\/Tm47sBLZSXI\/AAAAAAAAAGM\/R-Yq8chHo8Q\/s1600\/chicoaburrido.jpg","articleSection":["Alcorc\u00f3n","Nuevo Milenio"],"inLanguage":"es","potentialAction":[{"@type":"CommentAction","name":"Comment","target":["https:\/\/www.nuevomilenio-inmo.com\/blog\/la-vuelta-al-cole-septiembre-inmobiliario-en-alcorcon\/#respond"]}]},{"@type":"WebPage","@id":"https:\/\/www.nuevomilenio-inmo.com\/blog\/la-vuelta-al-cole-septiembre-inmobiliario-en-alcorcon\/","url":"https:\/\/www.nuevomilenio-inmo.com\/blog\/la-vuelta-al-cole-septiembre-inmobiliario-en-alcorcon\/","name":"LA VUELTA AL COLE...septiembre inmobiliario en Alcorc\u00f3n -","isPartOf":{"@id":"https:\/\/www.nuevomilenio-inmo.com\/blog\/#website"},"primaryImageOfPage":{"@id":"https:\/\/www.nuevomilenio-inmo.com\/blog\/la-vuelta-al-cole-septiembre-inmobiliario-en-alcorcon\/#primaryimage"},"image":{"@id":"https:\/\/www.nuevomilenio-inmo.com\/blog\/la-vuelta-al-cole-septiembre-inmobiliario-en-alcorcon\/#primaryimage"},"thumbnailUrl":"http:\/\/2.bp.blogspot.com\/-yX1t25Vm178\/Tm47sBLZSXI\/AAAAAAAAAGM\/R-Yq8chHo8Q\/s1600\/chicoaburrido.jpg","datePublished":"2011-09-12T17:26:00+00:00","dateModified":"2015-10-19T10:15:02+00:00","breadcrumb":{"@id":"https:\/\/www.nuevomilenio-inmo.com\/blog\/la-vuelta-al-cole-septiembre-inmobiliario-en-alcorcon\/#breadcrumb"},"inLanguage":"es","potentialAction":[{"@type":"ReadAction","target":["https:\/\/www.nuevomilenio-inmo.com\/blog\/la-vuelta-al-cole-septiembre-inmobiliario-en-alcorcon\/"]}]},{"@type":"ImageObject","inLanguage":"es","@id":"https:\/\/www.nuevomilenio-inmo.com\/blog\/la-vuelta-al-cole-septiembre-inmobiliario-en-alcorcon\/#primaryimage","url":"http:\/\/2.bp.blogspot.com\/-yX1t25Vm178\/Tm47sBLZSXI\/AAAAAAAAAGM\/R-Yq8chHo8Q\/s1600\/chicoaburrido.jpg","contentUrl":"http:\/\/2.bp.blogspot.com\/-yX1t25Vm178\/Tm47sBLZSXI\/AAAAAAAAAGM\/R-Yq8chHo8Q\/s1600\/chicoaburrido.jpg"},{"@type":"BreadcrumbList","@id":"https:\/\/www.nuevomilenio-inmo.com\/blog\/la-vuelta-al-cole-septiembre-inmobiliario-en-alcorcon\/#breadcrumb","itemListElement":[{"@type":"ListItem","position":1,"name":"Portada","item":"https:\/\/www.nuevomilenio-inmo.com\/blog\/"},{"@type":"ListItem","position":2,"name":"LA VUELTA AL COLE&#8230;septiembre inmobiliario en Alcorc\u00f3n"}]},{"@type":"WebSite","@id":"https:\/\/www.nuevomilenio-inmo.com\/blog\/#website","url":"https:\/\/www.nuevomilenio-inmo.com\/blog\/","name":"Blog de Nuevo Milenio","description":"","publisher":{"@id":"https:\/\/www.nuevomilenio-inmo.com\/blog\/#organization"},"potentialAction":[{"@type":"SearchAction","target":{"@type":"EntryPoint","urlTemplate":"https:\/\/www.nuevomilenio-inmo.com\/blog\/?s={search_term_string}"},"query-input":{"@type":"PropertyValueSpecification","valueRequired":true,"valueName":"search_term_string"}}],"inLanguage":"es"},{"@type":"Organization","@id":"https:\/\/www.nuevomilenio-inmo.com\/blog\/#organization","name":"Nuevo Milenio Inmobiliaria","url":"https:\/\/www.nuevomilenio-inmo.com\/blog\/","logo":{"@type":"ImageObject","inLanguage":"es","@id":"https:\/\/www.nuevomilenio-inmo.com\/blog\/#\/schema\/logo\/image\/","url":"https:\/\/www.nuevomilenio-inmo.com\/blog\/wp-content\/uploads\/2017\/12\/cropped-cropped-Logo-NM-2016.jpg","contentUrl":"https:\/\/www.nuevomilenio-inmo.com\/blog\/wp-content\/uploads\/2017\/12\/cropped-cropped-Logo-NM-2016.jpg","width":878,"height":169,"caption":"Nuevo Milenio Inmobiliaria"},"image":{"@id":"https:\/\/www.nuevomilenio-inmo.com\/blog\/#\/schema\/logo\/image\/"},"sameAs":["https:\/\/www.facebook.com\/nuevomilenioinmo\/","https:\/\/x.com\/milenioinmo"]},{"@type":"Person","@id":"https:\/\/www.nuevomilenio-inmo.com\/blog\/#\/schema\/person\/02a2314099283198817f5893070c4148","name":"milenio","image":{"@type":"ImageObject","inLanguage":"es","@id":"https:\/\/secure.gravatar.com\/avatar\/752b096831d3fe90fde96eb5b0d1174d5e05b434a068c36526ad2198667a6eb0?s=96&d=mm&r=g","url":"https:\/\/secure.gravatar.com\/avatar\/752b096831d3fe90fde96eb5b0d1174d5e05b434a068c36526ad2198667a6eb0?s=96&d=mm&r=g","contentUrl":"https:\/\/secure.gravatar.com\/avatar\/752b096831d3fe90fde96eb5b0d1174d5e05b434a068c36526ad2198667a6eb0?s=96&d=mm&r=g","caption":"milenio"},"sameAs":["https:\/\/www.facebook.com\/nuevomilenioinmo\/","https:\/\/x.com\/milenioinmo"]}]}},"_links":{"self":[{"href":"https:\/\/www.nuevomilenio-inmo.com\/blog\/wp-json\/wp\/v2\/posts\/85","targetHints":{"allow":["GET"]}}],"collection":[{"href":"https:\/\/www.nuevomilenio-inmo.com\/blog\/wp-json\/wp\/v2\/posts"}],"about":[{"href":"https:\/\/www.nuevomilenio-inmo.com\/blog\/wp-json\/wp\/v2\/types\/post"}],"author":[{"embeddable":true,"href":"https:\/\/www.nuevomilenio-inmo.com\/blog\/wp-json\/wp\/v2\/users\/1"}],"replies":[{"embeddable":true,"href":"https:\/\/www.nuevomilenio-inmo.com\/blog\/wp-json\/wp\/v2\/comments?post=85"}],"version-history":[{"count":1,"href":"https:\/\/www.nuevomilenio-inmo.com\/blog\/wp-json\/wp\/v2\/posts\/85\/revisions"}],"predecessor-version":[{"id":223,"href":"https:\/\/www.nuevomilenio-inmo.com\/blog\/wp-json\/wp\/v2\/posts\/85\/revisions\/223"}],"wp:attachment":[{"href":"https:\/\/www.nuevomilenio-inmo.com\/blog\/wp-json\/wp\/v2\/media?parent=85"}],"wp:term":[{"taxonomy":"category","embeddable":true,"href":"https:\/\/www.nuevomilenio-inmo.com\/blog\/wp-json\/wp\/v2\/categories?post=85"},{"taxonomy":"post_tag","embeddable":true,"href":"https:\/\/www.nuevomilenio-inmo.com\/blog\/wp-json\/wp\/v2\/tags?post=85"}],"curies":[{"name":"wp","href":"https:\/\/api.w.org\/{rel}","templated":true}]}}