{"id":60,"date":"2013-05-08T10:39:00","date_gmt":"2013-05-08T10:39:00","guid":{"rendered":"http:\/\/www.vivirenalcorcon.com\/nueva-web\/blog\/2013\/05\/08\/alquilar-una-vivienda-el-lado-positivo\/"},"modified":"2013-05-08T10:39:00","modified_gmt":"2013-05-08T10:39:00","slug":"alquilar-una-vivienda-el-lado-positivo","status":"publish","type":"post","link":"https:\/\/www.nuevomilenio-inmo.com\/blog\/alquilar-una-vivienda-el-lado-positivo\/","title":{"rendered":"Alquilar una Vivienda: El lado positivo."},"content":{"rendered":"<p><\/p>\n<div><\/div>\n<div><span lang=\"ES-TRAD\">En nuevo milenio hemos hablado en ocasiones anteriores acerca del dilema de <a href=\"http:\/\/www.pisosenparqueoeste.com\/2013\/03\/comprar-o-alquilar.html\" target=\"_blank\">comprar o alquilar una vivienda<\/a><\/span><span lang=\"ES-TRAD\">. Ambas opciones tienen sus ventajas e inconvenientes, que iremos tratando en diferentes post. Comenzamos por el lado positivo de Alquilar una casa:<o:p><\/o:p><\/span><\/div>\n<div><span lang=\"ES-TRAD\"><br \/><\/span><\/div>\n<div><span lang=\"ES-TRAD\">Alquilar una vivienda supone mucho <b>menos papeleo<\/b> que una compra, lo que facilita la movilidad en caso de traslado de trabajo o cambio de necesidades del inquilino. Alquilar <b>es una forma de acceder a un tipo de vivienda que por sus caracter\u00edsticas o ubicaci\u00f3n est\u00e1n lejos de nuestras posibilidades econ\u00f3micas.<\/b><o:p><\/o:p><\/span><\/div>\n<div><span lang=\"ES-TRAD\"><br \/><\/span><\/div>\n<div><span lang=\"ES-TRAD\">Hay zonas en el centro de las ciudades en el que es m\u00e1s f\u00e1cil encontrar una vivienda de alquiler que en venta. Adem\u00e1s, el colch\u00f3n econ\u00f3mico necesario para independizarse es mucho menor.<o:p><\/o:p><\/span><\/div>\n<div><span lang=\"ES-TRAD\"><br \/><\/span><\/div>\n<div><span lang=\"ES-TRAD\">Generalmente es <b>el arrendador el que se encarga de obras de mejora y reparaci\u00f3n de desperfectos<\/b>, lo que supone un <b>ahorro econ\u00f3mico y de tiempo<\/b> para el inquilino. As\u00ed mismo la gesti\u00f3n de gastos es m\u00e1s c\u00f3moda ya que no hay que estar tan pendiente de imprevistos o derramas que puedan surgir. <o:p><\/o:p><\/span><\/div>\n<div><span lang=\"ES-TRAD\"><br \/><\/span><\/div>\n<div><span lang=\"ES-TRAD\">Decidirse por una vivienda de alquiler tambi\u00e9n es m\u00e1s r\u00e1pido ya que, si pasado un tiempo no nos convence la vivienda que hemos escogido, podemos buscar otra mejor. Tambi\u00e9n es<b> m\u00e1s sencillo cambiar de una vivienda peque\u00f1a a otra de mayor tama\u00f1o<\/b>.<o:p><\/o:p><\/span><\/div>\n<div><span lang=\"ES-TRAD\"><br \/><\/span><\/div>\n<div><span lang=\"ES-TRAD\">En la mayor\u00eda de ocasiones no es necesario invertir en mobiliario, pudiendo ahorrar este dinero para un futuro. <o:p><\/o:p><\/span><\/div>\n<div><span lang=\"ES-TRAD\"><br \/><\/span><\/div>\n<div><span lang=\"ES-TRAD\"><b>El <a href=\"http:\/\/www.pisosenparqueoeste.com\/2013\/04\/preguntas-y-respuestas-acerca-del.html\" target=\"_blank\">certificado de eficiencia energ\u00e9tica<\/a> ser\u00e1 otro punto a favor del alquiler<\/b>. El inquino podr\u00e1 conocer si la vivienda que pretende alquilar est\u00e1 bien aislada o si va a gastar m\u00e1s o menos en suministros.<o:p><\/o:p><\/span><\/div>\n<div><span lang=\"ES-TRAD\"><br \/><\/span><\/div>\n<div><span lang=\"ES-TRAD\">Se pueden negociar con el propietario reformas, cambio de mobiliario o electrodom\u00e9sticos, sin que supongan un gasto econ\u00f3mico para el alquilado. <o:p><\/o:p><\/span><\/div>\n<div><span lang=\"ES-TRAD\"><br \/><\/span><\/div>\n<div><span lang=\"ES-TRAD\"><b>Recomendaciones a la hora de alquilar:<\/b><o:p><\/o:p><\/span><\/div>\n<div><span lang=\"ES-TRAD\"><br \/><\/span><\/div>\n<div><span lang=\"ES-TRAD\">Antes de firmar el contrato de alquiler es necesario asegurarse de que la vivienda se encuentra en un estado de habitabilidad \u00f3ptimo. Es importante<b> preguntar todas las dudas<\/b> necesarias al arrendador.<o:p><\/o:p><\/span><\/div>\n<div><span lang=\"ES-TRAD\"><br \/><\/span><\/div>\n<div><span lang=\"ES-TRAD\">Incluir en los gastos fijos mensuales el gasto en suministros b\u00e1sicos como luz, agua, gas\u2026 Podemos pedir al casero que nos informe de los <b>gastos medios que tiene una vivienda<\/b>. <o:p><\/o:p><\/span><\/div>\n<div><span lang=\"ES-TRAD\"><br \/><\/span><\/div>\n<div><span lang=\"ES-TRAD\">El di\u00e1logo es la mejor forma de conseguir una buena relaci\u00f3n entre arrendador e inquilino. No tengas miedo de exponer tus dudas y peticiones. En los casos en los que la relaci\u00f3n entre ambas partes es buena, el alquiler suele prolongarse durante varios a\u00f1os.<o:p><\/o:p><\/span><\/div>\n","protected":false},"excerpt":{"rendered":"<p>En nuevo milenio hemos hablado en ocasiones anteriores acerca del dilema de comprar o alquilar una vivienda. Ambas opciones tienen [&hellip;]<\/p>\n","protected":false},"author":1,"featured_media":0,"comment_status":"open","ping_status":"open","sticky":false,"template":"","format":"standard","meta":{"site-sidebar-layout":"default","site-content-layout":"","ast-site-content-layout":"default","site-content-style":"default","site-sidebar-style":"default","ast-global-header-display":"","ast-banner-title-visibility":"","ast-main-header-display":"","ast-hfb-above-header-display":"","ast-hfb-below-header-display":"","ast-hfb-mobile-header-display":"","site-post-title":"","ast-breadcrumbs-content":"","ast-featured-img":"","footer-sml-layout":"","theme-transparent-header-meta":"","adv-header-id-meta":"","stick-header-meta":"","header-above-stick-meta":"","header-main-stick-meta":"","header-below-stick-meta":"","astra-migrate-meta-layouts":"default","ast-page-background-enabled":"default","ast-page-background-meta":{"desktop":{"background-color":"var(--ast-global-color-4)","background-image":"","background-repeat":"repeat","background-position":"center center","background-size":"auto","background-attachment":"scroll","background-type":"","background-media":"","overlay-type":"","overlay-color":"","overlay-opacity":"","overlay-gradient":""},"tablet":{"background-color":"","background-image":"","background-repeat":"repeat","background-position":"center center","background-size":"auto","background-attachment":"scroll","background-type":"","background-media":"","overlay-type":"","overlay-color":"","overlay-opacity":"","overlay-gradient":""},"mobile":{"background-color":"","background-image":"","background-repeat":"repeat","background-position":"center center","background-size":"auto","background-attachment":"scroll","background-type":"","background-media":"","overlay-type":"","overlay-color":"","overlay-opacity":"","overlay-gradient":""}},"ast-content-background-meta":{"desktop":{"background-color":"var(--ast-global-color-5)","background-image":"","background-repeat":"repeat","background-position":"center center","background-size":"auto","background-attachment":"scroll","background-type":"","background-media":"","overlay-type":"","overlay-color":"","overlay-opacity":"","overlay-gradient":""},"tablet":{"background-color":"var(--ast-global-color-5)","background-image":"","background-repeat":"repeat","background-position":"center center","background-size":"auto","background-attachment":"scroll","background-type":"","background-media":"","overlay-type":"","overlay-color":"","overlay-opacity":"","overlay-gradient":""},"mobile":{"background-color":"var(--ast-global-color-5)","background-image":"","background-repeat":"repeat","background-position":"center center","background-size":"auto","background-attachment":"scroll","background-type":"","background-media":"","overlay-type":"","overlay-color":"","overlay-opacity":"","overlay-gradient":""}},"footnotes":""},"categories":[2],"tags":[],"class_list":["post-60","post","type-post","status-publish","format-standard","hentry","category-alquiler"],"yoast_head":"<!-- This site is optimized with the Yoast SEO plugin v27.4 - https:\/\/yoast.com\/product\/yoast-seo-wordpress\/ -->\n<title>Alquilar una Vivienda: El lado positivo. -<\/title>\n<meta name=\"robots\" content=\"index, follow, max-snippet:-1, max-image-preview:large, max-video-preview:-1\" \/>\n<link rel=\"canonical\" href=\"https:\/\/www.nuevomilenio-inmo.com\/blog\/alquilar-una-vivienda-el-lado-positivo\/\" \/>\n<meta property=\"og:locale\" content=\"es_ES\" \/>\n<meta property=\"og:type\" content=\"article\" \/>\n<meta property=\"og:title\" content=\"Alquilar una Vivienda: El lado positivo. -\" \/>\n<meta property=\"og:description\" content=\"En nuevo milenio hemos hablado en ocasiones anteriores acerca del dilema de comprar o alquilar una vivienda. Ambas opciones tienen [&hellip;]\" \/>\n<meta property=\"og:url\" content=\"https:\/\/www.nuevomilenio-inmo.com\/blog\/alquilar-una-vivienda-el-lado-positivo\/\" \/>\n<meta property=\"article:publisher\" content=\"https:\/\/www.facebook.com\/nuevomilenioinmo\/\" \/>\n<meta property=\"article:author\" content=\"https:\/\/www.facebook.com\/nuevomilenioinmo\/\" \/>\n<meta property=\"article:published_time\" content=\"2013-05-08T10:39:00+00:00\" \/>\n<meta name=\"author\" content=\"milenio\" \/>\n<meta name=\"twitter:card\" content=\"summary_large_image\" \/>\n<meta name=\"twitter:creator\" content=\"@milenioinmo\" \/>\n<meta name=\"twitter:site\" content=\"@milenioinmo\" \/>\n<meta name=\"twitter:label1\" content=\"Escrito por\" \/>\n\t<meta name=\"twitter:data1\" content=\"milenio\" \/>\n\t<meta name=\"twitter:label2\" content=\"Tiempo de lectura\" \/>\n\t<meta name=\"twitter:data2\" content=\"2 minutos\" \/>\n<script type=\"application\/ld+json\" class=\"yoast-schema-graph\">{\"@context\":\"https:\\\/\\\/schema.org\",\"@graph\":[{\"@type\":\"Article\",\"@id\":\"https:\\\/\\\/www.nuevomilenio-inmo.com\\\/blog\\\/alquilar-una-vivienda-el-lado-positivo\\\/#article\",\"isPartOf\":{\"@id\":\"https:\\\/\\\/www.nuevomilenio-inmo.com\\\/blog\\\/alquilar-una-vivienda-el-lado-positivo\\\/\"},\"author\":{\"name\":\"milenio\",\"@id\":\"https:\\\/\\\/www.nuevomilenio-inmo.com\\\/blog\\\/#\\\/schema\\\/person\\\/02a2314099283198817f5893070c4148\"},\"headline\":\"Alquilar una Vivienda: El lado positivo.\",\"datePublished\":\"2013-05-08T10:39:00+00:00\",\"mainEntityOfPage\":{\"@id\":\"https:\\\/\\\/www.nuevomilenio-inmo.com\\\/blog\\\/alquilar-una-vivienda-el-lado-positivo\\\/\"},\"wordCount\":437,\"commentCount\":0,\"publisher\":{\"@id\":\"https:\\\/\\\/www.nuevomilenio-inmo.com\\\/blog\\\/#organization\"},\"articleSection\":[\"Alquiler\"],\"inLanguage\":\"es\",\"potentialAction\":[{\"@type\":\"CommentAction\",\"name\":\"Comment\",\"target\":[\"https:\\\/\\\/www.nuevomilenio-inmo.com\\\/blog\\\/alquilar-una-vivienda-el-lado-positivo\\\/#respond\"]}]},{\"@type\":\"WebPage\",\"@id\":\"https:\\\/\\\/www.nuevomilenio-inmo.com\\\/blog\\\/alquilar-una-vivienda-el-lado-positivo\\\/\",\"url\":\"https:\\\/\\\/www.nuevomilenio-inmo.com\\\/blog\\\/alquilar-una-vivienda-el-lado-positivo\\\/\",\"name\":\"Alquilar una Vivienda: El lado positivo. -\",\"isPartOf\":{\"@id\":\"https:\\\/\\\/www.nuevomilenio-inmo.com\\\/blog\\\/#website\"},\"datePublished\":\"2013-05-08T10:39:00+00:00\",\"breadcrumb\":{\"@id\":\"https:\\\/\\\/www.nuevomilenio-inmo.com\\\/blog\\\/alquilar-una-vivienda-el-lado-positivo\\\/#breadcrumb\"},\"inLanguage\":\"es\",\"potentialAction\":[{\"@type\":\"ReadAction\",\"target\":[\"https:\\\/\\\/www.nuevomilenio-inmo.com\\\/blog\\\/alquilar-una-vivienda-el-lado-positivo\\\/\"]}]},{\"@type\":\"BreadcrumbList\",\"@id\":\"https:\\\/\\\/www.nuevomilenio-inmo.com\\\/blog\\\/alquilar-una-vivienda-el-lado-positivo\\\/#breadcrumb\",\"itemListElement\":[{\"@type\":\"ListItem\",\"position\":1,\"name\":\"Portada\",\"item\":\"https:\\\/\\\/www.nuevomilenio-inmo.com\\\/blog\\\/\"},{\"@type\":\"ListItem\",\"position\":2,\"name\":\"Alquilar una Vivienda: El lado positivo.\"}]},{\"@type\":\"WebSite\",\"@id\":\"https:\\\/\\\/www.nuevomilenio-inmo.com\\\/blog\\\/#website\",\"url\":\"https:\\\/\\\/www.nuevomilenio-inmo.com\\\/blog\\\/\",\"name\":\"Blog de Nuevo Milenio\",\"description\":\"\",\"publisher\":{\"@id\":\"https:\\\/\\\/www.nuevomilenio-inmo.com\\\/blog\\\/#organization\"},\"potentialAction\":[{\"@type\":\"SearchAction\",\"target\":{\"@type\":\"EntryPoint\",\"urlTemplate\":\"https:\\\/\\\/www.nuevomilenio-inmo.com\\\/blog\\\/?s={search_term_string}\"},\"query-input\":{\"@type\":\"PropertyValueSpecification\",\"valueRequired\":true,\"valueName\":\"search_term_string\"}}],\"inLanguage\":\"es\"},{\"@type\":\"Organization\",\"@id\":\"https:\\\/\\\/www.nuevomilenio-inmo.com\\\/blog\\\/#organization\",\"name\":\"Nuevo Milenio Inmobiliaria\",\"url\":\"https:\\\/\\\/www.nuevomilenio-inmo.com\\\/blog\\\/\",\"logo\":{\"@type\":\"ImageObject\",\"inLanguage\":\"es\",\"@id\":\"https:\\\/\\\/www.nuevomilenio-inmo.com\\\/blog\\\/#\\\/schema\\\/logo\\\/image\\\/\",\"url\":\"https:\\\/\\\/www.nuevomilenio-inmo.com\\\/blog\\\/wp-content\\\/uploads\\\/2017\\\/12\\\/cropped-cropped-Logo-NM-2016.jpg\",\"contentUrl\":\"https:\\\/\\\/www.nuevomilenio-inmo.com\\\/blog\\\/wp-content\\\/uploads\\\/2017\\\/12\\\/cropped-cropped-Logo-NM-2016.jpg\",\"width\":878,\"height\":169,\"caption\":\"Nuevo Milenio Inmobiliaria\"},\"image\":{\"@id\":\"https:\\\/\\\/www.nuevomilenio-inmo.com\\\/blog\\\/#\\\/schema\\\/logo\\\/image\\\/\"},\"sameAs\":[\"https:\\\/\\\/www.facebook.com\\\/nuevomilenioinmo\\\/\",\"https:\\\/\\\/x.com\\\/milenioinmo\"]},{\"@type\":\"Person\",\"@id\":\"https:\\\/\\\/www.nuevomilenio-inmo.com\\\/blog\\\/#\\\/schema\\\/person\\\/02a2314099283198817f5893070c4148\",\"name\":\"milenio\",\"image\":{\"@type\":\"ImageObject\",\"inLanguage\":\"es\",\"@id\":\"https:\\\/\\\/secure.gravatar.com\\\/avatar\\\/752b096831d3fe90fde96eb5b0d1174d5e05b434a068c36526ad2198667a6eb0?s=96&d=mm&r=g\",\"url\":\"https:\\\/\\\/secure.gravatar.com\\\/avatar\\\/752b096831d3fe90fde96eb5b0d1174d5e05b434a068c36526ad2198667a6eb0?s=96&d=mm&r=g\",\"contentUrl\":\"https:\\\/\\\/secure.gravatar.com\\\/avatar\\\/752b096831d3fe90fde96eb5b0d1174d5e05b434a068c36526ad2198667a6eb0?s=96&d=mm&r=g\",\"caption\":\"milenio\"},\"sameAs\":[\"https:\\\/\\\/www.facebook.com\\\/nuevomilenioinmo\\\/\",\"https:\\\/\\\/x.com\\\/milenioinmo\"]}]}<\/script>\n<!-- \/ Yoast SEO plugin. -->","yoast_head_json":{"title":"Alquilar una Vivienda: El lado positivo. -","robots":{"index":"index","follow":"follow","max-snippet":"max-snippet:-1","max-image-preview":"max-image-preview:large","max-video-preview":"max-video-preview:-1"},"canonical":"https:\/\/www.nuevomilenio-inmo.com\/blog\/alquilar-una-vivienda-el-lado-positivo\/","og_locale":"es_ES","og_type":"article","og_title":"Alquilar una Vivienda: El lado positivo. -","og_description":"En nuevo milenio hemos hablado en ocasiones anteriores acerca del dilema de comprar o alquilar una vivienda. Ambas opciones tienen [&hellip;]","og_url":"https:\/\/www.nuevomilenio-inmo.com\/blog\/alquilar-una-vivienda-el-lado-positivo\/","article_publisher":"https:\/\/www.facebook.com\/nuevomilenioinmo\/","article_author":"https:\/\/www.facebook.com\/nuevomilenioinmo\/","article_published_time":"2013-05-08T10:39:00+00:00","author":"milenio","twitter_card":"summary_large_image","twitter_creator":"@milenioinmo","twitter_site":"@milenioinmo","twitter_misc":{"Escrito por":"milenio","Tiempo de lectura":"2 minutos"},"schema":{"@context":"https:\/\/schema.org","@graph":[{"@type":"Article","@id":"https:\/\/www.nuevomilenio-inmo.com\/blog\/alquilar-una-vivienda-el-lado-positivo\/#article","isPartOf":{"@id":"https:\/\/www.nuevomilenio-inmo.com\/blog\/alquilar-una-vivienda-el-lado-positivo\/"},"author":{"name":"milenio","@id":"https:\/\/www.nuevomilenio-inmo.com\/blog\/#\/schema\/person\/02a2314099283198817f5893070c4148"},"headline":"Alquilar una Vivienda: El lado positivo.","datePublished":"2013-05-08T10:39:00+00:00","mainEntityOfPage":{"@id":"https:\/\/www.nuevomilenio-inmo.com\/blog\/alquilar-una-vivienda-el-lado-positivo\/"},"wordCount":437,"commentCount":0,"publisher":{"@id":"https:\/\/www.nuevomilenio-inmo.com\/blog\/#organization"},"articleSection":["Alquiler"],"inLanguage":"es","potentialAction":[{"@type":"CommentAction","name":"Comment","target":["https:\/\/www.nuevomilenio-inmo.com\/blog\/alquilar-una-vivienda-el-lado-positivo\/#respond"]}]},{"@type":"WebPage","@id":"https:\/\/www.nuevomilenio-inmo.com\/blog\/alquilar-una-vivienda-el-lado-positivo\/","url":"https:\/\/www.nuevomilenio-inmo.com\/blog\/alquilar-una-vivienda-el-lado-positivo\/","name":"Alquilar una Vivienda: El lado positivo. -","isPartOf":{"@id":"https:\/\/www.nuevomilenio-inmo.com\/blog\/#website"},"datePublished":"2013-05-08T10:39:00+00:00","breadcrumb":{"@id":"https:\/\/www.nuevomilenio-inmo.com\/blog\/alquilar-una-vivienda-el-lado-positivo\/#breadcrumb"},"inLanguage":"es","potentialAction":[{"@type":"ReadAction","target":["https:\/\/www.nuevomilenio-inmo.com\/blog\/alquilar-una-vivienda-el-lado-positivo\/"]}]},{"@type":"BreadcrumbList","@id":"https:\/\/www.nuevomilenio-inmo.com\/blog\/alquilar-una-vivienda-el-lado-positivo\/#breadcrumb","itemListElement":[{"@type":"ListItem","position":1,"name":"Portada","item":"https:\/\/www.nuevomilenio-inmo.com\/blog\/"},{"@type":"ListItem","position":2,"name":"Alquilar una Vivienda: El lado positivo."}]},{"@type":"WebSite","@id":"https:\/\/www.nuevomilenio-inmo.com\/blog\/#website","url":"https:\/\/www.nuevomilenio-inmo.com\/blog\/","name":"Blog de Nuevo Milenio","description":"","publisher":{"@id":"https:\/\/www.nuevomilenio-inmo.com\/blog\/#organization"},"potentialAction":[{"@type":"SearchAction","target":{"@type":"EntryPoint","urlTemplate":"https:\/\/www.nuevomilenio-inmo.com\/blog\/?s={search_term_string}"},"query-input":{"@type":"PropertyValueSpecification","valueRequired":true,"valueName":"search_term_string"}}],"inLanguage":"es"},{"@type":"Organization","@id":"https:\/\/www.nuevomilenio-inmo.com\/blog\/#organization","name":"Nuevo Milenio Inmobiliaria","url":"https:\/\/www.nuevomilenio-inmo.com\/blog\/","logo":{"@type":"ImageObject","inLanguage":"es","@id":"https:\/\/www.nuevomilenio-inmo.com\/blog\/#\/schema\/logo\/image\/","url":"https:\/\/www.nuevomilenio-inmo.com\/blog\/wp-content\/uploads\/2017\/12\/cropped-cropped-Logo-NM-2016.jpg","contentUrl":"https:\/\/www.nuevomilenio-inmo.com\/blog\/wp-content\/uploads\/2017\/12\/cropped-cropped-Logo-NM-2016.jpg","width":878,"height":169,"caption":"Nuevo Milenio Inmobiliaria"},"image":{"@id":"https:\/\/www.nuevomilenio-inmo.com\/blog\/#\/schema\/logo\/image\/"},"sameAs":["https:\/\/www.facebook.com\/nuevomilenioinmo\/","https:\/\/x.com\/milenioinmo"]},{"@type":"Person","@id":"https:\/\/www.nuevomilenio-inmo.com\/blog\/#\/schema\/person\/02a2314099283198817f5893070c4148","name":"milenio","image":{"@type":"ImageObject","inLanguage":"es","@id":"https:\/\/secure.gravatar.com\/avatar\/752b096831d3fe90fde96eb5b0d1174d5e05b434a068c36526ad2198667a6eb0?s=96&d=mm&r=g","url":"https:\/\/secure.gravatar.com\/avatar\/752b096831d3fe90fde96eb5b0d1174d5e05b434a068c36526ad2198667a6eb0?s=96&d=mm&r=g","contentUrl":"https:\/\/secure.gravatar.com\/avatar\/752b096831d3fe90fde96eb5b0d1174d5e05b434a068c36526ad2198667a6eb0?s=96&d=mm&r=g","caption":"milenio"},"sameAs":["https:\/\/www.facebook.com\/nuevomilenioinmo\/","https:\/\/x.com\/milenioinmo"]}]}},"_links":{"self":[{"href":"https:\/\/www.nuevomilenio-inmo.com\/blog\/wp-json\/wp\/v2\/posts\/60","targetHints":{"allow":["GET"]}}],"collection":[{"href":"https:\/\/www.nuevomilenio-inmo.com\/blog\/wp-json\/wp\/v2\/posts"}],"about":[{"href":"https:\/\/www.nuevomilenio-inmo.com\/blog\/wp-json\/wp\/v2\/types\/post"}],"author":[{"embeddable":true,"href":"https:\/\/www.nuevomilenio-inmo.com\/blog\/wp-json\/wp\/v2\/users\/1"}],"replies":[{"embeddable":true,"href":"https:\/\/www.nuevomilenio-inmo.com\/blog\/wp-json\/wp\/v2\/comments?post=60"}],"version-history":[{"count":0,"href":"https:\/\/www.nuevomilenio-inmo.com\/blog\/wp-json\/wp\/v2\/posts\/60\/revisions"}],"wp:attachment":[{"href":"https:\/\/www.nuevomilenio-inmo.com\/blog\/wp-json\/wp\/v2\/media?parent=60"}],"wp:term":[{"taxonomy":"category","embeddable":true,"href":"https:\/\/www.nuevomilenio-inmo.com\/blog\/wp-json\/wp\/v2\/categories?post=60"},{"taxonomy":"post_tag","embeddable":true,"href":"https:\/\/www.nuevomilenio-inmo.com\/blog\/wp-json\/wp\/v2\/tags?post=60"}],"curies":[{"name":"wp","href":"https:\/\/api.w.org\/{rel}","templated":true}]}}