{"id":54,"date":"2013-06-28T12:32:00","date_gmt":"2013-06-28T12:32:00","guid":{"rendered":"http:\/\/www.vivirenalcorcon.com\/nueva-web\/blog\/2013\/06\/28\/hoy-entra-en-vigor-la-ley-de-rehabilitacion-los-inmuebles-de-mas-de-50-anos-deberan-pasar-una-inspeccion\/"},"modified":"2015-10-19T10:06:31","modified_gmt":"2015-10-19T10:06:31","slug":"hoy-entra-en-vigor-la-ley-de-rehabilitacion-los-inmuebles-de-mas-de-50-anos-deberan-pasar-una-inspeccion","status":"publish","type":"post","link":"https:\/\/www.nuevomilenio-inmo.com\/blog\/hoy-entra-en-vigor-la-ley-de-rehabilitacion-los-inmuebles-de-mas-de-50-anos-deberan-pasar-una-inspeccion\/","title":{"rendered":"Hoy entra en vigor la Ley de Rehabilitaci\u00f3n. Los inmuebles de m\u00e1s de 50 a\u00f1os deber\u00e1n pasar una inspecci\u00f3n."},"content":{"rendered":"<div><span lang=\"ES-TRAD\">Hoy entra en vigor la <b>Ley de Rehabilitaci\u00f3n<\/b>,&nbsp;con la que el gobierno prev\u00e9 que se generen 160.000 puestos de empleo. Por el contrario, los detractores de esta medida aseguran que se producir\u00e1 una nueva \u201cburbuja\u201d.<o:p><\/o:p><\/span><\/div>\n<div><span lang=\"ES-TRAD\"><br \/><\/span><\/div>\n<div><span lang=\"ES-TRAD\"><b>La nueva Ley, contempla la rehabilitaci\u00f3n forzosa de todos los inmuebles que posean m\u00e1s de 50 a\u00f1os de antig\u00fcedad<\/b> (se estima que tres millones de viviendas tienen m\u00e1s de 50 a\u00f1os). Los encargados de indicar que reparaciones deben acometerse en el edificio &nbsp;ser\u00e1n arquitectos e ingenieros, quienes se encargar\u00e1n de la realizaci\u00f3n de la inspecci\u00f3n t\u00e9cnica del edificio<o:p><\/o:p><\/span><\/div>\n<div><span lang=\"ES-TRAD\"><br \/><\/span><\/div>\n<div><span lang=\"ES-TRAD\"><b>Los propietarios deber\u00e1n realizar las reformas indicadas por el t\u00e9cnico en el plazo establecido.<\/b> En el caso de que los propietarios del edificio no realicen los cambios indicados podr\u00e1n ser sancionados con multas que pueden llegar a los 6.000 Euros. &nbsp;Una vez concluidas las reformas, se proceder\u00e1 a realizar una nueva inspecci\u00f3n.<o:p><\/o:p><\/span><\/div>\n<div><span lang=\"ES-TRAD\"><br \/><\/span><\/div>\n<div><span lang=\"ES-TRAD\"><b>Si el informe del t\u00e9cnico es favorable, el edificio obtendr\u00e1 el certificado. El certificado debe renovarse cada 10 a\u00f1os.<\/b><o:p><\/o:p><\/span><\/div>\n<div><span lang=\"ES-TRAD\"><br \/><\/span><\/div>\n<div><span lang=\"ES-TRAD\">Desde este momento,<b> todas las viviendas que se vendan deber\u00e1n presentar el certificado que corrobore que el edificio se ha declarado apto, excepto en los caso en los que el comprador exima al vendedor de presentar dicho certificado.<\/b><o:p><\/o:p><\/span><\/div>\n<div><span lang=\"ES-TRAD\"><br \/><\/span><\/div>\n<div><span lang=\"ES-TRAD\">No se puede negar que el mantenimiento de un edificio es necesario e importante. Esta medida fomentar\u00e1 la realizaci\u00f3n de reparaciones y mejoras que ahora, debido a la falta de liquidez econ\u00f3mica que existe en algunas comunidades de vecinos, se posponen, pudiendo provocar molestias a los vecinos (goteras, filtraciones, problemas con suministros o desag\u00fces\u2026) adem\u00e1s de la acumulaci\u00f3n de desperfectos que contribuyan al deterioro prematuro del edificio.<o:p><\/o:p><\/span><\/div>\n<div><span lang=\"ES-TRAD\"><br \/><\/span><\/div>\n<div><span lang=\"ES-TRAD\">Debido a esa falta de liquidez, <b>el gobierno plantea nuevas formas de financiaci\u00f3n<\/b> para las reformas que se realicen, como la cesi\u00f3n de partes del inmueble o al pago en diferido, medidas de las que se desconoce su capacidad de implantaci\u00f3n y efectividad.<o:p><\/o:p><\/span><\/div>\n<div><span lang=\"ES-TRAD\"><br \/><\/span><\/div>\n<p><\/p>\n<div><span lang=\"ES-TRAD\">Esta Ley, al Igual que la Ley de Eficiencia energ\u00e9tica, que entr\u00f3 en vigor a primeros de mes, llega acompa\u00f1ada de pol\u00e9mica y opiniones dispares. \u00bfQu\u00e9 opin\u00e1is vosotros de la Ley de Rehabilitaci\u00f3n?<o:p><\/o:p><\/span><\/div>\n","protected":false},"excerpt":{"rendered":"<p>Hoy entra en vigor la Ley de Rehabilitaci\u00f3n,&nbsp;con la que el gobierno prev\u00e9 que se generen 160.000 puestos de empleo. [&hellip;]<\/p>\n","protected":false},"author":1,"featured_media":0,"comment_status":"open","ping_status":"open","sticky":false,"template":"","format":"standard","meta":{"site-sidebar-layout":"default","site-content-layout":"","ast-site-content-layout":"default","site-content-style":"default","site-sidebar-style":"default","ast-global-header-display":"","ast-banner-title-visibility":"","ast-main-header-display":"","ast-hfb-above-header-display":"","ast-hfb-below-header-display":"","ast-hfb-mobile-header-display":"","site-post-title":"","ast-breadcrumbs-content":"","ast-featured-img":"","footer-sml-layout":"","theme-transparent-header-meta":"","adv-header-id-meta":"","stick-header-meta":"","header-above-stick-meta":"","header-main-stick-meta":"","header-below-stick-meta":"","astra-migrate-meta-layouts":"default","ast-page-background-enabled":"default","ast-page-background-meta":{"desktop":{"background-color":"var(--ast-global-color-4)","background-image":"","background-repeat":"repeat","background-position":"center center","background-size":"auto","background-attachment":"scroll","background-type":"","background-media":"","overlay-type":"","overlay-color":"","overlay-opacity":"","overlay-gradient":""},"tablet":{"background-color":"","background-image":"","background-repeat":"repeat","background-position":"center center","background-size":"auto","background-attachment":"scroll","background-type":"","background-media":"","overlay-type":"","overlay-color":"","overlay-opacity":"","overlay-gradient":""},"mobile":{"background-color":"","background-image":"","background-repeat":"repeat","background-position":"center center","background-size":"auto","background-attachment":"scroll","background-type":"","background-media":"","overlay-type":"","overlay-color":"","overlay-opacity":"","overlay-gradient":""}},"ast-content-background-meta":{"desktop":{"background-color":"var(--ast-global-color-5)","background-image":"","background-repeat":"repeat","background-position":"center center","background-size":"auto","background-attachment":"scroll","background-type":"","background-media":"","overlay-type":"","overlay-color":"","overlay-opacity":"","overlay-gradient":""},"tablet":{"background-color":"var(--ast-global-color-5)","background-image":"","background-repeat":"repeat","background-position":"center center","background-size":"auto","background-attachment":"scroll","background-type":"","background-media":"","overlay-type":"","overlay-color":"","overlay-opacity":"","overlay-gradient":""},"mobile":{"background-color":"var(--ast-global-color-5)","background-image":"","background-repeat":"repeat","background-position":"center center","background-size":"auto","background-attachment":"scroll","background-type":"","background-media":"","overlay-type":"","overlay-color":"","overlay-opacity":"","overlay-gradient":""}},"footnotes":""},"categories":[162],"tags":[],"class_list":["post-54","post","type-post","status-publish","format-standard","hentry","category-actualidad"],"yoast_head":"<!-- This site is optimized with the Yoast SEO plugin v27.5 - https:\/\/yoast.com\/product\/yoast-seo-wordpress\/ -->\n<title>Hoy entra en vigor la Ley de Rehabilitaci\u00f3n. Los inmuebles de m\u00e1s de 50 a\u00f1os deber\u00e1n pasar una inspecci\u00f3n. -<\/title>\n<meta name=\"robots\" content=\"index, follow, max-snippet:-1, max-image-preview:large, max-video-preview:-1\" \/>\n<link rel=\"canonical\" href=\"https:\/\/www.nuevomilenio-inmo.com\/blog\/hoy-entra-en-vigor-la-ley-de-rehabilitacion-los-inmuebles-de-mas-de-50-anos-deberan-pasar-una-inspeccion\/\" \/>\n<meta property=\"og:locale\" content=\"es_ES\" \/>\n<meta property=\"og:type\" content=\"article\" \/>\n<meta property=\"og:title\" content=\"Hoy entra en vigor la Ley de Rehabilitaci\u00f3n. Los inmuebles de m\u00e1s de 50 a\u00f1os deber\u00e1n pasar una inspecci\u00f3n. -\" \/>\n<meta property=\"og:description\" content=\"Hoy entra en vigor la Ley de Rehabilitaci\u00f3n,&nbsp;con la que el gobierno prev\u00e9 que se generen 160.000 puestos de empleo. [&hellip;]\" \/>\n<meta property=\"og:url\" content=\"https:\/\/www.nuevomilenio-inmo.com\/blog\/hoy-entra-en-vigor-la-ley-de-rehabilitacion-los-inmuebles-de-mas-de-50-anos-deberan-pasar-una-inspeccion\/\" \/>\n<meta property=\"article:publisher\" content=\"https:\/\/www.facebook.com\/nuevomilenioinmo\/\" \/>\n<meta property=\"article:author\" content=\"https:\/\/www.facebook.com\/nuevomilenioinmo\/\" \/>\n<meta property=\"article:published_time\" content=\"2013-06-28T12:32:00+00:00\" \/>\n<meta property=\"article:modified_time\" content=\"2015-10-19T10:06:31+00:00\" \/>\n<meta name=\"author\" content=\"milenio\" \/>\n<meta name=\"twitter:card\" content=\"summary_large_image\" \/>\n<meta name=\"twitter:creator\" content=\"@milenioinmo\" \/>\n<meta name=\"twitter:site\" content=\"@milenioinmo\" \/>\n<meta name=\"twitter:label1\" content=\"Escrito por\" \/>\n\t<meta name=\"twitter:data1\" content=\"milenio\" \/>\n\t<meta name=\"twitter:label2\" content=\"Tiempo de lectura\" \/>\n\t<meta name=\"twitter:data2\" content=\"2 minutos\" \/>\n<script type=\"application\/ld+json\" class=\"yoast-schema-graph\">{\"@context\":\"https:\\\/\\\/schema.org\",\"@graph\":[{\"@type\":\"Article\",\"@id\":\"https:\\\/\\\/www.nuevomilenio-inmo.com\\\/blog\\\/hoy-entra-en-vigor-la-ley-de-rehabilitacion-los-inmuebles-de-mas-de-50-anos-deberan-pasar-una-inspeccion\\\/#article\",\"isPartOf\":{\"@id\":\"https:\\\/\\\/www.nuevomilenio-inmo.com\\\/blog\\\/hoy-entra-en-vigor-la-ley-de-rehabilitacion-los-inmuebles-de-mas-de-50-anos-deberan-pasar-una-inspeccion\\\/\"},\"author\":{\"name\":\"milenio\",\"@id\":\"https:\\\/\\\/www.nuevomilenio-inmo.com\\\/blog\\\/#\\\/schema\\\/person\\\/02a2314099283198817f5893070c4148\"},\"headline\":\"Hoy entra en vigor la Ley de Rehabilitaci\u00f3n. Los inmuebles de m\u00e1s de 50 a\u00f1os deber\u00e1n pasar una inspecci\u00f3n.\",\"datePublished\":\"2013-06-28T12:32:00+00:00\",\"dateModified\":\"2015-10-19T10:06:31+00:00\",\"mainEntityOfPage\":{\"@id\":\"https:\\\/\\\/www.nuevomilenio-inmo.com\\\/blog\\\/hoy-entra-en-vigor-la-ley-de-rehabilitacion-los-inmuebles-de-mas-de-50-anos-deberan-pasar-una-inspeccion\\\/\"},\"wordCount\":399,\"commentCount\":0,\"publisher\":{\"@id\":\"https:\\\/\\\/www.nuevomilenio-inmo.com\\\/blog\\\/#organization\"},\"articleSection\":[\"Actualidad\"],\"inLanguage\":\"es\",\"potentialAction\":[{\"@type\":\"CommentAction\",\"name\":\"Comment\",\"target\":[\"https:\\\/\\\/www.nuevomilenio-inmo.com\\\/blog\\\/hoy-entra-en-vigor-la-ley-de-rehabilitacion-los-inmuebles-de-mas-de-50-anos-deberan-pasar-una-inspeccion\\\/#respond\"]}]},{\"@type\":\"WebPage\",\"@id\":\"https:\\\/\\\/www.nuevomilenio-inmo.com\\\/blog\\\/hoy-entra-en-vigor-la-ley-de-rehabilitacion-los-inmuebles-de-mas-de-50-anos-deberan-pasar-una-inspeccion\\\/\",\"url\":\"https:\\\/\\\/www.nuevomilenio-inmo.com\\\/blog\\\/hoy-entra-en-vigor-la-ley-de-rehabilitacion-los-inmuebles-de-mas-de-50-anos-deberan-pasar-una-inspeccion\\\/\",\"name\":\"Hoy entra en vigor la Ley de Rehabilitaci\u00f3n. Los inmuebles de m\u00e1s de 50 a\u00f1os deber\u00e1n pasar una inspecci\u00f3n. -\",\"isPartOf\":{\"@id\":\"https:\\\/\\\/www.nuevomilenio-inmo.com\\\/blog\\\/#website\"},\"datePublished\":\"2013-06-28T12:32:00+00:00\",\"dateModified\":\"2015-10-19T10:06:31+00:00\",\"breadcrumb\":{\"@id\":\"https:\\\/\\\/www.nuevomilenio-inmo.com\\\/blog\\\/hoy-entra-en-vigor-la-ley-de-rehabilitacion-los-inmuebles-de-mas-de-50-anos-deberan-pasar-una-inspeccion\\\/#breadcrumb\"},\"inLanguage\":\"es\",\"potentialAction\":[{\"@type\":\"ReadAction\",\"target\":[\"https:\\\/\\\/www.nuevomilenio-inmo.com\\\/blog\\\/hoy-entra-en-vigor-la-ley-de-rehabilitacion-los-inmuebles-de-mas-de-50-anos-deberan-pasar-una-inspeccion\\\/\"]}]},{\"@type\":\"BreadcrumbList\",\"@id\":\"https:\\\/\\\/www.nuevomilenio-inmo.com\\\/blog\\\/hoy-entra-en-vigor-la-ley-de-rehabilitacion-los-inmuebles-de-mas-de-50-anos-deberan-pasar-una-inspeccion\\\/#breadcrumb\",\"itemListElement\":[{\"@type\":\"ListItem\",\"position\":1,\"name\":\"Portada\",\"item\":\"https:\\\/\\\/www.nuevomilenio-inmo.com\\\/blog\\\/\"},{\"@type\":\"ListItem\",\"position\":2,\"name\":\"Hoy entra en vigor la Ley de Rehabilitaci\u00f3n. Los inmuebles de m\u00e1s de 50 a\u00f1os deber\u00e1n pasar una inspecci\u00f3n.\"}]},{\"@type\":\"WebSite\",\"@id\":\"https:\\\/\\\/www.nuevomilenio-inmo.com\\\/blog\\\/#website\",\"url\":\"https:\\\/\\\/www.nuevomilenio-inmo.com\\\/blog\\\/\",\"name\":\"Blog de Nuevo Milenio\",\"description\":\"\",\"publisher\":{\"@id\":\"https:\\\/\\\/www.nuevomilenio-inmo.com\\\/blog\\\/#organization\"},\"potentialAction\":[{\"@type\":\"SearchAction\",\"target\":{\"@type\":\"EntryPoint\",\"urlTemplate\":\"https:\\\/\\\/www.nuevomilenio-inmo.com\\\/blog\\\/?s={search_term_string}\"},\"query-input\":{\"@type\":\"PropertyValueSpecification\",\"valueRequired\":true,\"valueName\":\"search_term_string\"}}],\"inLanguage\":\"es\"},{\"@type\":\"Organization\",\"@id\":\"https:\\\/\\\/www.nuevomilenio-inmo.com\\\/blog\\\/#organization\",\"name\":\"Nuevo Milenio Inmobiliaria\",\"url\":\"https:\\\/\\\/www.nuevomilenio-inmo.com\\\/blog\\\/\",\"logo\":{\"@type\":\"ImageObject\",\"inLanguage\":\"es\",\"@id\":\"https:\\\/\\\/www.nuevomilenio-inmo.com\\\/blog\\\/#\\\/schema\\\/logo\\\/image\\\/\",\"url\":\"https:\\\/\\\/www.nuevomilenio-inmo.com\\\/blog\\\/wp-content\\\/uploads\\\/2017\\\/12\\\/cropped-cropped-Logo-NM-2016.jpg\",\"contentUrl\":\"https:\\\/\\\/www.nuevomilenio-inmo.com\\\/blog\\\/wp-content\\\/uploads\\\/2017\\\/12\\\/cropped-cropped-Logo-NM-2016.jpg\",\"width\":878,\"height\":169,\"caption\":\"Nuevo Milenio Inmobiliaria\"},\"image\":{\"@id\":\"https:\\\/\\\/www.nuevomilenio-inmo.com\\\/blog\\\/#\\\/schema\\\/logo\\\/image\\\/\"},\"sameAs\":[\"https:\\\/\\\/www.facebook.com\\\/nuevomilenioinmo\\\/\",\"https:\\\/\\\/x.com\\\/milenioinmo\"]},{\"@type\":\"Person\",\"@id\":\"https:\\\/\\\/www.nuevomilenio-inmo.com\\\/blog\\\/#\\\/schema\\\/person\\\/02a2314099283198817f5893070c4148\",\"name\":\"milenio\",\"image\":{\"@type\":\"ImageObject\",\"inLanguage\":\"es\",\"@id\":\"https:\\\/\\\/secure.gravatar.com\\\/avatar\\\/752b096831d3fe90fde96eb5b0d1174d5e05b434a068c36526ad2198667a6eb0?s=96&d=mm&r=g\",\"url\":\"https:\\\/\\\/secure.gravatar.com\\\/avatar\\\/752b096831d3fe90fde96eb5b0d1174d5e05b434a068c36526ad2198667a6eb0?s=96&d=mm&r=g\",\"contentUrl\":\"https:\\\/\\\/secure.gravatar.com\\\/avatar\\\/752b096831d3fe90fde96eb5b0d1174d5e05b434a068c36526ad2198667a6eb0?s=96&d=mm&r=g\",\"caption\":\"milenio\"},\"sameAs\":[\"https:\\\/\\\/www.facebook.com\\\/nuevomilenioinmo\\\/\",\"https:\\\/\\\/x.com\\\/milenioinmo\"]}]}<\/script>\n<!-- \/ Yoast SEO plugin. -->","yoast_head_json":{"title":"Hoy entra en vigor la Ley de Rehabilitaci\u00f3n. Los inmuebles de m\u00e1s de 50 a\u00f1os deber\u00e1n pasar una inspecci\u00f3n. -","robots":{"index":"index","follow":"follow","max-snippet":"max-snippet:-1","max-image-preview":"max-image-preview:large","max-video-preview":"max-video-preview:-1"},"canonical":"https:\/\/www.nuevomilenio-inmo.com\/blog\/hoy-entra-en-vigor-la-ley-de-rehabilitacion-los-inmuebles-de-mas-de-50-anos-deberan-pasar-una-inspeccion\/","og_locale":"es_ES","og_type":"article","og_title":"Hoy entra en vigor la Ley de Rehabilitaci\u00f3n. Los inmuebles de m\u00e1s de 50 a\u00f1os deber\u00e1n pasar una inspecci\u00f3n. -","og_description":"Hoy entra en vigor la Ley de Rehabilitaci\u00f3n,&nbsp;con la que el gobierno prev\u00e9 que se generen 160.000 puestos de empleo. [&hellip;]","og_url":"https:\/\/www.nuevomilenio-inmo.com\/blog\/hoy-entra-en-vigor-la-ley-de-rehabilitacion-los-inmuebles-de-mas-de-50-anos-deberan-pasar-una-inspeccion\/","article_publisher":"https:\/\/www.facebook.com\/nuevomilenioinmo\/","article_author":"https:\/\/www.facebook.com\/nuevomilenioinmo\/","article_published_time":"2013-06-28T12:32:00+00:00","article_modified_time":"2015-10-19T10:06:31+00:00","author":"milenio","twitter_card":"summary_large_image","twitter_creator":"@milenioinmo","twitter_site":"@milenioinmo","twitter_misc":{"Escrito por":"milenio","Tiempo de lectura":"2 minutos"},"schema":{"@context":"https:\/\/schema.org","@graph":[{"@type":"Article","@id":"https:\/\/www.nuevomilenio-inmo.com\/blog\/hoy-entra-en-vigor-la-ley-de-rehabilitacion-los-inmuebles-de-mas-de-50-anos-deberan-pasar-una-inspeccion\/#article","isPartOf":{"@id":"https:\/\/www.nuevomilenio-inmo.com\/blog\/hoy-entra-en-vigor-la-ley-de-rehabilitacion-los-inmuebles-de-mas-de-50-anos-deberan-pasar-una-inspeccion\/"},"author":{"name":"milenio","@id":"https:\/\/www.nuevomilenio-inmo.com\/blog\/#\/schema\/person\/02a2314099283198817f5893070c4148"},"headline":"Hoy entra en vigor la Ley de Rehabilitaci\u00f3n. Los inmuebles de m\u00e1s de 50 a\u00f1os deber\u00e1n pasar una inspecci\u00f3n.","datePublished":"2013-06-28T12:32:00+00:00","dateModified":"2015-10-19T10:06:31+00:00","mainEntityOfPage":{"@id":"https:\/\/www.nuevomilenio-inmo.com\/blog\/hoy-entra-en-vigor-la-ley-de-rehabilitacion-los-inmuebles-de-mas-de-50-anos-deberan-pasar-una-inspeccion\/"},"wordCount":399,"commentCount":0,"publisher":{"@id":"https:\/\/www.nuevomilenio-inmo.com\/blog\/#organization"},"articleSection":["Actualidad"],"inLanguage":"es","potentialAction":[{"@type":"CommentAction","name":"Comment","target":["https:\/\/www.nuevomilenio-inmo.com\/blog\/hoy-entra-en-vigor-la-ley-de-rehabilitacion-los-inmuebles-de-mas-de-50-anos-deberan-pasar-una-inspeccion\/#respond"]}]},{"@type":"WebPage","@id":"https:\/\/www.nuevomilenio-inmo.com\/blog\/hoy-entra-en-vigor-la-ley-de-rehabilitacion-los-inmuebles-de-mas-de-50-anos-deberan-pasar-una-inspeccion\/","url":"https:\/\/www.nuevomilenio-inmo.com\/blog\/hoy-entra-en-vigor-la-ley-de-rehabilitacion-los-inmuebles-de-mas-de-50-anos-deberan-pasar-una-inspeccion\/","name":"Hoy entra en vigor la Ley de Rehabilitaci\u00f3n. Los inmuebles de m\u00e1s de 50 a\u00f1os deber\u00e1n pasar una inspecci\u00f3n. -","isPartOf":{"@id":"https:\/\/www.nuevomilenio-inmo.com\/blog\/#website"},"datePublished":"2013-06-28T12:32:00+00:00","dateModified":"2015-10-19T10:06:31+00:00","breadcrumb":{"@id":"https:\/\/www.nuevomilenio-inmo.com\/blog\/hoy-entra-en-vigor-la-ley-de-rehabilitacion-los-inmuebles-de-mas-de-50-anos-deberan-pasar-una-inspeccion\/#breadcrumb"},"inLanguage":"es","potentialAction":[{"@type":"ReadAction","target":["https:\/\/www.nuevomilenio-inmo.com\/blog\/hoy-entra-en-vigor-la-ley-de-rehabilitacion-los-inmuebles-de-mas-de-50-anos-deberan-pasar-una-inspeccion\/"]}]},{"@type":"BreadcrumbList","@id":"https:\/\/www.nuevomilenio-inmo.com\/blog\/hoy-entra-en-vigor-la-ley-de-rehabilitacion-los-inmuebles-de-mas-de-50-anos-deberan-pasar-una-inspeccion\/#breadcrumb","itemListElement":[{"@type":"ListItem","position":1,"name":"Portada","item":"https:\/\/www.nuevomilenio-inmo.com\/blog\/"},{"@type":"ListItem","position":2,"name":"Hoy entra en vigor la Ley de Rehabilitaci\u00f3n. Los inmuebles de m\u00e1s de 50 a\u00f1os deber\u00e1n pasar una inspecci\u00f3n."}]},{"@type":"WebSite","@id":"https:\/\/www.nuevomilenio-inmo.com\/blog\/#website","url":"https:\/\/www.nuevomilenio-inmo.com\/blog\/","name":"Blog de Nuevo Milenio","description":"","publisher":{"@id":"https:\/\/www.nuevomilenio-inmo.com\/blog\/#organization"},"potentialAction":[{"@type":"SearchAction","target":{"@type":"EntryPoint","urlTemplate":"https:\/\/www.nuevomilenio-inmo.com\/blog\/?s={search_term_string}"},"query-input":{"@type":"PropertyValueSpecification","valueRequired":true,"valueName":"search_term_string"}}],"inLanguage":"es"},{"@type":"Organization","@id":"https:\/\/www.nuevomilenio-inmo.com\/blog\/#organization","name":"Nuevo Milenio Inmobiliaria","url":"https:\/\/www.nuevomilenio-inmo.com\/blog\/","logo":{"@type":"ImageObject","inLanguage":"es","@id":"https:\/\/www.nuevomilenio-inmo.com\/blog\/#\/schema\/logo\/image\/","url":"https:\/\/www.nuevomilenio-inmo.com\/blog\/wp-content\/uploads\/2017\/12\/cropped-cropped-Logo-NM-2016.jpg","contentUrl":"https:\/\/www.nuevomilenio-inmo.com\/blog\/wp-content\/uploads\/2017\/12\/cropped-cropped-Logo-NM-2016.jpg","width":878,"height":169,"caption":"Nuevo Milenio Inmobiliaria"},"image":{"@id":"https:\/\/www.nuevomilenio-inmo.com\/blog\/#\/schema\/logo\/image\/"},"sameAs":["https:\/\/www.facebook.com\/nuevomilenioinmo\/","https:\/\/x.com\/milenioinmo"]},{"@type":"Person","@id":"https:\/\/www.nuevomilenio-inmo.com\/blog\/#\/schema\/person\/02a2314099283198817f5893070c4148","name":"milenio","image":{"@type":"ImageObject","inLanguage":"es","@id":"https:\/\/secure.gravatar.com\/avatar\/752b096831d3fe90fde96eb5b0d1174d5e05b434a068c36526ad2198667a6eb0?s=96&d=mm&r=g","url":"https:\/\/secure.gravatar.com\/avatar\/752b096831d3fe90fde96eb5b0d1174d5e05b434a068c36526ad2198667a6eb0?s=96&d=mm&r=g","contentUrl":"https:\/\/secure.gravatar.com\/avatar\/752b096831d3fe90fde96eb5b0d1174d5e05b434a068c36526ad2198667a6eb0?s=96&d=mm&r=g","caption":"milenio"},"sameAs":["https:\/\/www.facebook.com\/nuevomilenioinmo\/","https:\/\/x.com\/milenioinmo"]}]}},"_links":{"self":[{"href":"https:\/\/www.nuevomilenio-inmo.com\/blog\/wp-json\/wp\/v2\/posts\/54","targetHints":{"allow":["GET"]}}],"collection":[{"href":"https:\/\/www.nuevomilenio-inmo.com\/blog\/wp-json\/wp\/v2\/posts"}],"about":[{"href":"https:\/\/www.nuevomilenio-inmo.com\/blog\/wp-json\/wp\/v2\/types\/post"}],"author":[{"embeddable":true,"href":"https:\/\/www.nuevomilenio-inmo.com\/blog\/wp-json\/wp\/v2\/users\/1"}],"replies":[{"embeddable":true,"href":"https:\/\/www.nuevomilenio-inmo.com\/blog\/wp-json\/wp\/v2\/comments?post=54"}],"version-history":[{"count":1,"href":"https:\/\/www.nuevomilenio-inmo.com\/blog\/wp-json\/wp\/v2\/posts\/54\/revisions"}],"predecessor-version":[{"id":198,"href":"https:\/\/www.nuevomilenio-inmo.com\/blog\/wp-json\/wp\/v2\/posts\/54\/revisions\/198"}],"wp:attachment":[{"href":"https:\/\/www.nuevomilenio-inmo.com\/blog\/wp-json\/wp\/v2\/media?parent=54"}],"wp:term":[{"taxonomy":"category","embeddable":true,"href":"https:\/\/www.nuevomilenio-inmo.com\/blog\/wp-json\/wp\/v2\/categories?post=54"},{"taxonomy":"post_tag","embeddable":true,"href":"https:\/\/www.nuevomilenio-inmo.com\/blog\/wp-json\/wp\/v2\/tags?post=54"}],"curies":[{"name":"wp","href":"https:\/\/api.w.org\/{rel}","templated":true}]}}