{"id":1295,"date":"2024-12-28T18:33:00","date_gmt":"2024-12-28T18:33:00","guid":{"rendered":"https:\/\/www.nuevomilenio-inmo.com\/blog\/?p=1295"},"modified":"2025-02-04T12:11:06","modified_gmt":"2025-02-04T12:11:06","slug":"la-nueva-tasa-de-basuras-en-alcorcon","status":"publish","type":"post","link":"https:\/\/www.nuevomilenio-inmo.com\/blog\/la-nueva-tasa-de-basuras-en-alcorcon\/","title":{"rendered":"La Nueva Tasa de Basuras en Alcorc\u00f3n"},"content":{"rendered":"\n<p>La Ley 7\/2022 establece un marco para que las entidades locales implementen una tasa de basuras que refleje el coste real del servicio y fomente la reducci\u00f3n en la generaci\u00f3n de residuos, en l\u00ednea con los principios de la econom\u00eda circular y la sostenibilidad ambiental.<\/p>\n\n\n\n<p><strong><u>Establecimiento de una tasa espec\u00edfica y no deficitaria<\/u><\/strong><\/p>\n\n\n\n<p>El art\u00edculo 11.3 de la ley obliga a las entidades locales a establecer, en un plazo de tres a\u00f1os desde la entrada en vigor de la ley (es decir, antes del 10 de abril de 2025), una tasa o prestaci\u00f3n patrimonial de car\u00e1cter p\u00fablico no tributario que:<\/p>\n\n\n\n<p>&#8211; Sea espec\u00edfica y diferenciada.<\/p>\n\n\n\n<p>&#8211; No sea deficitaria, es decir, que cubra el coste real de las operaciones de recogida, transporte y tratamiento de los residuos.<\/p>\n\n\n\n<p>&#8211; Permita implantar sistemas de pago por generaci\u00f3n, aplicando el principio de \u00abquien contamina, paga\u00bb.<\/p>\n\n\n\n<p>Esta tasa debe reflejar todos los costes asociados al servicio, incluyendo la vigilancia, mantenimiento posterior al cierre de vertederos, campa\u00f1as de concienciaci\u00f3n y comunicaci\u00f3n, y descontando los ingresos derivados de la venta de materiales y energ\u00eda, as\u00ed como de la responsabilidad ampliada del productor.<\/p>\n\n\n\n<figure class=\"wp-block-image aligncenter size-full is-resized is-style-rounded\"><a href=\"https:\/\/www.nuevomilenio-inmo.com\/blog\/wp-content\/uploads\/2024\/12\/tasa-de-basuras-alcorcon.webp\"><img loading=\"lazy\" decoding=\"async\" width=\"1024\" height=\"1024\" src=\"https:\/\/www.nuevomilenio-inmo.com\/blog\/wp-content\/uploads\/2024\/12\/tasa-de-basuras-alcorcon.webp\" alt=\"\" class=\"wp-image-1296\" style=\"width:699px;height:auto\" srcset=\"https:\/\/www.nuevomilenio-inmo.com\/blog\/wp-content\/uploads\/2024\/12\/tasa-de-basuras-alcorcon.webp 1024w, https:\/\/www.nuevomilenio-inmo.com\/blog\/wp-content\/uploads\/2024\/12\/tasa-de-basuras-alcorcon-300x300.webp 300w, https:\/\/www.nuevomilenio-inmo.com\/blog\/wp-content\/uploads\/2024\/12\/tasa-de-basuras-alcorcon-150x150.webp 150w, https:\/\/www.nuevomilenio-inmo.com\/blog\/wp-content\/uploads\/2024\/12\/tasa-de-basuras-alcorcon-768x768.webp 768w\" sizes=\"auto, (max-width: 1024px) 100vw, 1024px\" \/><\/a><\/figure>\n\n\n\n<p><strong><u>Aplicaci\u00f3n del principio \u00abquien contamina, paga\u00bb<\/u><\/strong><\/p>\n\n\n\n<p>La ley promueve la implementaci\u00f3n de sistemas de pago por generaci\u00f3n, donde los ciudadanos paguen en funci\u00f3n de la cantidad de residuos que generan.<\/p>\n\n\n\n<p>Esto incentiva pr\u00e1cticas m\u00e1s sostenibles y una mayor separaci\u00f3n de residuos en origen.<\/p>\n\n\n\n<p><strong><u>Plazo para la implementaci\u00f3n<\/u><\/strong><\/p>\n\n\n\n<p><strong><u>Las entidades locales tienen hasta el 10 de abril de 2025<\/u><\/strong> para aprobar las ordenanzas necesarias que regulen esta tasa. En ausencia de dichas ordenanzas, se aplicar\u00e1n las normas que aprueben las comunidades aut\u00f3nomas. <\/p>\n\n\n\n<p>La implementaci\u00f3n de esta tasa implica que los ciudadanos deber\u00e1n asumir el coste real del servicio de gesti\u00f3n de residuos, lo que podr\u00eda traducirse en un incremento respecto a lo que se paga actualmente.<\/p>\n\n\n\n<p>Sin embargo, la ley tambi\u00e9n contempla la posibilidad de establecer bonificaciones para colectivos vulnerables y para quienes adopten pr\u00e1cticas que reduzcan significativamente la generaci\u00f3n de residuos.<\/p>\n\n\n\n<p><strong><u>Aspectos clave:<\/u><\/strong><\/p>\n\n\n\n<ul class=\"wp-block-list\">\n<li><strong>La Ley 7\/2022 obliga a establecer una tasa de basuras espec\u00edfica<\/strong> que cubra los costes reales del servicio de gesti\u00f3n de residuos, pero no menciona ajustes al IBI.<\/li>\n\n\n\n<li>Algunos municipios han decidido <strong>reducir el IBI como medida de equilibrio fiscal<\/strong> para evitar una sobrecarga en los contribuyentes, especialmente en contextos donde antes la gesti\u00f3n de residuos estaba incluida parcialmente en este impuesto. Por ejemplo, en <strong>algunas localidades como Benic\u00e0ssim, se ha aprobado una bajada del IBI<\/strong> junto con la aplicaci\u00f3n de la nueva tasa de basuras, buscando minimizar el impacto econ\u00f3mico sobre las familias.<\/li>\n<\/ul>\n\n\n\n<p><strong><u>Y qu\u00e9 ocurrir\u00e1 en Alcorc\u00f3n:<\/u><\/strong><\/p>\n\n\n\n<p>El Ayuntamiento de Alcorc\u00f3n va a establecer una nueva tasa de basuras, tanto para \u00e1mbito residencial como el de comercio (en industrial ya exist\u00eda), en cumplimiento de la Ley 7\/2022, cuyos titulares son los siguientes:<\/p>\n\n\n\n<p><strong>Estructura de la tasa:<\/strong><\/p>\n\n\n\n<ul class=\"wp-block-list\">\n<li><strong>Cuota fija y variable:<\/strong> La tasa se compone de una parte fija y otra variable. La cuota fija se determina seg\u00fan tramos proporcionales y progresivos, mientras que la variable se calcula anualmente en funci\u00f3n de las toneladas de basura tratadas el a\u00f1o anterior.<\/li>\n\n\n\n<li>No se conocen todav\u00eda los detalles de los criterios de aplicaci\u00f3n de la tasa para los comercios, en funci\u00f3n del tipo de actividad.<\/li>\n<\/ul>\n\n\n\n<p><strong>Bonificaciones y reducciones:<\/strong><\/p>\n\n\n\n<ul class=\"wp-block-list\">\n<li><strong>Familias numerosas:<\/strong> Viviendas con cinco o m\u00e1s convivientes tendr\u00e1n una reducci\u00f3n del 20% en la cuota variable.<\/li>\n\n\n\n<li><strong>Personas en situaci\u00f3n de vulnerabilidad:<\/strong> Se contempla una bonificaci\u00f3n del 100% para personas en situaci\u00f3n de vulnerabilidad.<\/li>\n\n\n\n<li><strong>Participaci\u00f3n en recogida selectiva:<\/strong> Aquellos que participen en el sistema de recogida selectiva de basura org\u00e1nica mediante la tarjeta marr\u00f3n de residuos org\u00e1nicos disfrutar\u00e1n de una reducci\u00f3n del 10%.<\/li>\n\n\n\n<li><strong>Sistema especial de pago:<\/strong> Se ofrece una rebaja del 5% sobre la cuota total para todos los ciudadanos que opten por este sistema.<\/li>\n<\/ul>\n\n\n\n<p>Actualmente, el Ayuntamiento de Alcorc\u00f3n <strong>no ha anunciado oficialmente una reducci\u00f3n del IBI como consecuencia directa de la aplicaci\u00f3n de la nueva tasa de basuras<\/strong>, lo que sin duda supondr\u00e1 un aumento indirecto del mismo, puesto que hasta la fecha el IBI y el resto de tasas municipales sufragaban este coste del servicio de recogida de residuos para todo el \u00e1mbito residencial y de comercio.<\/p>\n\n\n\n<p class=\"has-text-align-center\"><strong>IMPORTANTE: Impacto en los contratos de arrendamiento<\/strong><\/p>\n\n\n\n<p><strong>Caso 1: Contratos en vigor en los que no se haya previsto ya esta tasa.<\/strong> Parece l\u00f3gico pensar que esta tasa deba ser repercutida a quien utiliza la vivienda y, en consecuencia, genera los residuos, el inquilino, no obstante al no estar previsto en el contrato y ser una tasa cuyo sujeto pasivo fiscal es el propietario, se recomienda negociarla con el inquilino en la pr\u00f3xima revisi\u00f3n o actualizaci\u00f3n del contrato.<\/p>\n\n\n\n<p><strong>Caso 2: Contratos nuevos a firmar o renovaciones a partir de la entrada en servicio de la tasa:<\/strong> Nuestro consejo es que sea repercutida en la renta mensual y sea liquidada por el propietario\/arrendador, igual que en el caso del IBI.<\/p>\n","protected":false},"excerpt":{"rendered":"<p>La Ley 7\/2022 establece un marco para que las entidades locales implementen una tasa de basuras que refleje el coste [&hellip;]<\/p>\n","protected":false},"author":1,"featured_media":0,"comment_status":"open","ping_status":"open","sticky":false,"template":"","format":"standard","meta":{"site-sidebar-layout":"default","site-content-layout":"","ast-site-content-layout":"default","site-content-style":"default","site-sidebar-style":"default","ast-global-header-display":"","ast-banner-title-visibility":"","ast-main-header-display":"","ast-hfb-above-header-display":"","ast-hfb-below-header-display":"","ast-hfb-mobile-header-display":"","site-post-title":"","ast-breadcrumbs-content":"","ast-featured-img":"","footer-sml-layout":"","theme-transparent-header-meta":"","adv-header-id-meta":"","stick-header-meta":"","header-above-stick-meta":"","header-main-stick-meta":"","header-below-stick-meta":"","astra-migrate-meta-layouts":"default","ast-page-background-enabled":"default","ast-page-background-meta":{"desktop":{"background-color":"var(--ast-global-color-4)","background-image":"","background-repeat":"repeat","background-position":"center center","background-size":"auto","background-attachment":"scroll","background-type":"","background-media":"","overlay-type":"","overlay-color":"","overlay-opacity":"","overlay-gradient":""},"tablet":{"background-color":"","background-image":"","background-repeat":"repeat","background-position":"center center","background-size":"auto","background-attachment":"scroll","background-type":"","background-media":"","overlay-type":"","overlay-color":"","overlay-opacity":"","overlay-gradient":""},"mobile":{"background-color":"","background-image":"","background-repeat":"repeat","background-position":"center center","background-size":"auto","background-attachment":"scroll","background-type":"","background-media":"","overlay-type":"","overlay-color":"","overlay-opacity":"","overlay-gradient":""}},"ast-content-background-meta":{"desktop":{"background-color":"var(--ast-global-color-5)","background-image":"","background-repeat":"repeat","background-position":"center center","background-size":"auto","background-attachment":"scroll","background-type":"","background-media":"","overlay-type":"","overlay-color":"","overlay-opacity":"","overlay-gradient":""},"tablet":{"background-color":"var(--ast-global-color-5)","background-image":"","background-repeat":"repeat","background-position":"center center","background-size":"auto","background-attachment":"scroll","background-type":"","background-media":"","overlay-type":"","overlay-color":"","overlay-opacity":"","overlay-gradient":""},"mobile":{"background-color":"var(--ast-global-color-5)","background-image":"","background-repeat":"repeat","background-position":"center center","background-size":"auto","background-attachment":"scroll","background-type":"","background-media":"","overlay-type":"","overlay-color":"","overlay-opacity":"","overlay-gradient":""}},"footnotes":""},"categories":[195,193,196,194],"tags":[168,379,315,174],"class_list":["post-1295","post","type-post","status-publish","format-standard","hentry","category-arrendadores","category-compradores","category-inquilinos","category-vendedores","tag-alcorcon","tag-basuras","tag-impuestos","tag-vivienda"],"yoast_head":"<!-- This site is optimized with the Yoast SEO plugin v27.5 - https:\/\/yoast.com\/product\/yoast-seo-wordpress\/ -->\n<title>La Nueva Tasa de Basuras en Alcorc\u00f3n -<\/title>\n<meta name=\"robots\" content=\"index, follow, max-snippet:-1, max-image-preview:large, max-video-preview:-1\" \/>\n<link rel=\"canonical\" href=\"https:\/\/www.nuevomilenio-inmo.com\/blog\/la-nueva-tasa-de-basuras-en-alcorcon\/\" \/>\n<meta property=\"og:locale\" content=\"es_ES\" \/>\n<meta property=\"og:type\" content=\"article\" \/>\n<meta property=\"og:title\" content=\"La Nueva Tasa de Basuras en Alcorc\u00f3n -\" \/>\n<meta property=\"og:description\" content=\"La Ley 7\/2022 establece un marco para que las entidades locales implementen una tasa de basuras que refleje el coste [&hellip;]\" \/>\n<meta property=\"og:url\" content=\"https:\/\/www.nuevomilenio-inmo.com\/blog\/la-nueva-tasa-de-basuras-en-alcorcon\/\" \/>\n<meta property=\"article:publisher\" content=\"https:\/\/www.facebook.com\/nuevomilenioinmo\/\" \/>\n<meta property=\"article:author\" content=\"https:\/\/www.facebook.com\/nuevomilenioinmo\/\" \/>\n<meta property=\"article:published_time\" content=\"2024-12-28T18:33:00+00:00\" \/>\n<meta property=\"article:modified_time\" content=\"2025-02-04T12:11:06+00:00\" \/>\n<meta property=\"og:image\" content=\"https:\/\/www.nuevomilenio-inmo.com\/blog\/wp-content\/uploads\/2024\/12\/tasa-de-basuras-alcorcon.webp\" \/>\n<meta name=\"author\" content=\"milenio\" \/>\n<meta name=\"twitter:card\" content=\"summary_large_image\" \/>\n<meta name=\"twitter:creator\" content=\"@milenioinmo\" \/>\n<meta name=\"twitter:site\" content=\"@milenioinmo\" \/>\n<meta name=\"twitter:label1\" content=\"Escrito por\" \/>\n\t<meta name=\"twitter:data1\" content=\"milenio\" \/>\n\t<meta name=\"twitter:label2\" content=\"Tiempo de lectura\" \/>\n\t<meta name=\"twitter:data2\" content=\"4 minutos\" \/>\n<script type=\"application\/ld+json\" class=\"yoast-schema-graph\">{\"@context\":\"https:\\\/\\\/schema.org\",\"@graph\":[{\"@type\":\"Article\",\"@id\":\"https:\\\/\\\/www.nuevomilenio-inmo.com\\\/blog\\\/la-nueva-tasa-de-basuras-en-alcorcon\\\/#article\",\"isPartOf\":{\"@id\":\"https:\\\/\\\/www.nuevomilenio-inmo.com\\\/blog\\\/la-nueva-tasa-de-basuras-en-alcorcon\\\/\"},\"author\":{\"name\":\"milenio\",\"@id\":\"https:\\\/\\\/www.nuevomilenio-inmo.com\\\/blog\\\/#\\\/schema\\\/person\\\/02a2314099283198817f5893070c4148\"},\"headline\":\"La Nueva Tasa de Basuras en Alcorc\u00f3n\",\"datePublished\":\"2024-12-28T18:33:00+00:00\",\"dateModified\":\"2025-02-04T12:11:06+00:00\",\"mainEntityOfPage\":{\"@id\":\"https:\\\/\\\/www.nuevomilenio-inmo.com\\\/blog\\\/la-nueva-tasa-de-basuras-en-alcorcon\\\/\"},\"wordCount\":868,\"commentCount\":0,\"publisher\":{\"@id\":\"https:\\\/\\\/www.nuevomilenio-inmo.com\\\/blog\\\/#organization\"},\"image\":{\"@id\":\"https:\\\/\\\/www.nuevomilenio-inmo.com\\\/blog\\\/la-nueva-tasa-de-basuras-en-alcorcon\\\/#primaryimage\"},\"thumbnailUrl\":\"https:\\\/\\\/www.nuevomilenio-inmo.com\\\/blog\\\/wp-content\\\/uploads\\\/2024\\\/12\\\/tasa-de-basuras-alcorcon.webp\",\"keywords\":[\"Alcorc\u00f3n\",\"basuras;\",\"impuestos\",\"vivienda\"],\"articleSection\":[\"Arrendadores\",\"Compradores\",\"Inquilinos\",\"Vendedores\"],\"inLanguage\":\"es\",\"potentialAction\":[{\"@type\":\"CommentAction\",\"name\":\"Comment\",\"target\":[\"https:\\\/\\\/www.nuevomilenio-inmo.com\\\/blog\\\/la-nueva-tasa-de-basuras-en-alcorcon\\\/#respond\"]}]},{\"@type\":\"WebPage\",\"@id\":\"https:\\\/\\\/www.nuevomilenio-inmo.com\\\/blog\\\/la-nueva-tasa-de-basuras-en-alcorcon\\\/\",\"url\":\"https:\\\/\\\/www.nuevomilenio-inmo.com\\\/blog\\\/la-nueva-tasa-de-basuras-en-alcorcon\\\/\",\"name\":\"La Nueva Tasa de Basuras en Alcorc\u00f3n -\",\"isPartOf\":{\"@id\":\"https:\\\/\\\/www.nuevomilenio-inmo.com\\\/blog\\\/#website\"},\"primaryImageOfPage\":{\"@id\":\"https:\\\/\\\/www.nuevomilenio-inmo.com\\\/blog\\\/la-nueva-tasa-de-basuras-en-alcorcon\\\/#primaryimage\"},\"image\":{\"@id\":\"https:\\\/\\\/www.nuevomilenio-inmo.com\\\/blog\\\/la-nueva-tasa-de-basuras-en-alcorcon\\\/#primaryimage\"},\"thumbnailUrl\":\"https:\\\/\\\/www.nuevomilenio-inmo.com\\\/blog\\\/wp-content\\\/uploads\\\/2024\\\/12\\\/tasa-de-basuras-alcorcon.webp\",\"datePublished\":\"2024-12-28T18:33:00+00:00\",\"dateModified\":\"2025-02-04T12:11:06+00:00\",\"breadcrumb\":{\"@id\":\"https:\\\/\\\/www.nuevomilenio-inmo.com\\\/blog\\\/la-nueva-tasa-de-basuras-en-alcorcon\\\/#breadcrumb\"},\"inLanguage\":\"es\",\"potentialAction\":[{\"@type\":\"ReadAction\",\"target\":[\"https:\\\/\\\/www.nuevomilenio-inmo.com\\\/blog\\\/la-nueva-tasa-de-basuras-en-alcorcon\\\/\"]}]},{\"@type\":\"ImageObject\",\"inLanguage\":\"es\",\"@id\":\"https:\\\/\\\/www.nuevomilenio-inmo.com\\\/blog\\\/la-nueva-tasa-de-basuras-en-alcorcon\\\/#primaryimage\",\"url\":\"https:\\\/\\\/www.nuevomilenio-inmo.com\\\/blog\\\/wp-content\\\/uploads\\\/2024\\\/12\\\/tasa-de-basuras-alcorcon.webp\",\"contentUrl\":\"https:\\\/\\\/www.nuevomilenio-inmo.com\\\/blog\\\/wp-content\\\/uploads\\\/2024\\\/12\\\/tasa-de-basuras-alcorcon.webp\"},{\"@type\":\"BreadcrumbList\",\"@id\":\"https:\\\/\\\/www.nuevomilenio-inmo.com\\\/blog\\\/la-nueva-tasa-de-basuras-en-alcorcon\\\/#breadcrumb\",\"itemListElement\":[{\"@type\":\"ListItem\",\"position\":1,\"name\":\"Portada\",\"item\":\"https:\\\/\\\/www.nuevomilenio-inmo.com\\\/blog\\\/\"},{\"@type\":\"ListItem\",\"position\":2,\"name\":\"La Nueva Tasa de Basuras en Alcorc\u00f3n\"}]},{\"@type\":\"WebSite\",\"@id\":\"https:\\\/\\\/www.nuevomilenio-inmo.com\\\/blog\\\/#website\",\"url\":\"https:\\\/\\\/www.nuevomilenio-inmo.com\\\/blog\\\/\",\"name\":\"Blog de Nuevo Milenio\",\"description\":\"\",\"publisher\":{\"@id\":\"https:\\\/\\\/www.nuevomilenio-inmo.com\\\/blog\\\/#organization\"},\"potentialAction\":[{\"@type\":\"SearchAction\",\"target\":{\"@type\":\"EntryPoint\",\"urlTemplate\":\"https:\\\/\\\/www.nuevomilenio-inmo.com\\\/blog\\\/?s={search_term_string}\"},\"query-input\":{\"@type\":\"PropertyValueSpecification\",\"valueRequired\":true,\"valueName\":\"search_term_string\"}}],\"inLanguage\":\"es\"},{\"@type\":\"Organization\",\"@id\":\"https:\\\/\\\/www.nuevomilenio-inmo.com\\\/blog\\\/#organization\",\"name\":\"Nuevo Milenio Inmobiliaria\",\"url\":\"https:\\\/\\\/www.nuevomilenio-inmo.com\\\/blog\\\/\",\"logo\":{\"@type\":\"ImageObject\",\"inLanguage\":\"es\",\"@id\":\"https:\\\/\\\/www.nuevomilenio-inmo.com\\\/blog\\\/#\\\/schema\\\/logo\\\/image\\\/\",\"url\":\"https:\\\/\\\/www.nuevomilenio-inmo.com\\\/blog\\\/wp-content\\\/uploads\\\/2017\\\/12\\\/cropped-cropped-Logo-NM-2016.jpg\",\"contentUrl\":\"https:\\\/\\\/www.nuevomilenio-inmo.com\\\/blog\\\/wp-content\\\/uploads\\\/2017\\\/12\\\/cropped-cropped-Logo-NM-2016.jpg\",\"width\":878,\"height\":169,\"caption\":\"Nuevo Milenio Inmobiliaria\"},\"image\":{\"@id\":\"https:\\\/\\\/www.nuevomilenio-inmo.com\\\/blog\\\/#\\\/schema\\\/logo\\\/image\\\/\"},\"sameAs\":[\"https:\\\/\\\/www.facebook.com\\\/nuevomilenioinmo\\\/\",\"https:\\\/\\\/x.com\\\/milenioinmo\"]},{\"@type\":\"Person\",\"@id\":\"https:\\\/\\\/www.nuevomilenio-inmo.com\\\/blog\\\/#\\\/schema\\\/person\\\/02a2314099283198817f5893070c4148\",\"name\":\"milenio\",\"image\":{\"@type\":\"ImageObject\",\"inLanguage\":\"es\",\"@id\":\"https:\\\/\\\/secure.gravatar.com\\\/avatar\\\/752b096831d3fe90fde96eb5b0d1174d5e05b434a068c36526ad2198667a6eb0?s=96&d=mm&r=g\",\"url\":\"https:\\\/\\\/secure.gravatar.com\\\/avatar\\\/752b096831d3fe90fde96eb5b0d1174d5e05b434a068c36526ad2198667a6eb0?s=96&d=mm&r=g\",\"contentUrl\":\"https:\\\/\\\/secure.gravatar.com\\\/avatar\\\/752b096831d3fe90fde96eb5b0d1174d5e05b434a068c36526ad2198667a6eb0?s=96&d=mm&r=g\",\"caption\":\"milenio\"},\"sameAs\":[\"https:\\\/\\\/www.facebook.com\\\/nuevomilenioinmo\\\/\",\"https:\\\/\\\/x.com\\\/milenioinmo\"]}]}<\/script>\n<!-- \/ Yoast SEO plugin. -->","yoast_head_json":{"title":"La Nueva Tasa de Basuras en Alcorc\u00f3n -","robots":{"index":"index","follow":"follow","max-snippet":"max-snippet:-1","max-image-preview":"max-image-preview:large","max-video-preview":"max-video-preview:-1"},"canonical":"https:\/\/www.nuevomilenio-inmo.com\/blog\/la-nueva-tasa-de-basuras-en-alcorcon\/","og_locale":"es_ES","og_type":"article","og_title":"La Nueva Tasa de Basuras en Alcorc\u00f3n -","og_description":"La Ley 7\/2022 establece un marco para que las entidades locales implementen una tasa de basuras que refleje el coste [&hellip;]","og_url":"https:\/\/www.nuevomilenio-inmo.com\/blog\/la-nueva-tasa-de-basuras-en-alcorcon\/","article_publisher":"https:\/\/www.facebook.com\/nuevomilenioinmo\/","article_author":"https:\/\/www.facebook.com\/nuevomilenioinmo\/","article_published_time":"2024-12-28T18:33:00+00:00","article_modified_time":"2025-02-04T12:11:06+00:00","og_image":[{"url":"https:\/\/www.nuevomilenio-inmo.com\/blog\/wp-content\/uploads\/2024\/12\/tasa-de-basuras-alcorcon.webp","type":"","width":"","height":""}],"author":"milenio","twitter_card":"summary_large_image","twitter_creator":"@milenioinmo","twitter_site":"@milenioinmo","twitter_misc":{"Escrito por":"milenio","Tiempo de lectura":"4 minutos"},"schema":{"@context":"https:\/\/schema.org","@graph":[{"@type":"Article","@id":"https:\/\/www.nuevomilenio-inmo.com\/blog\/la-nueva-tasa-de-basuras-en-alcorcon\/#article","isPartOf":{"@id":"https:\/\/www.nuevomilenio-inmo.com\/blog\/la-nueva-tasa-de-basuras-en-alcorcon\/"},"author":{"name":"milenio","@id":"https:\/\/www.nuevomilenio-inmo.com\/blog\/#\/schema\/person\/02a2314099283198817f5893070c4148"},"headline":"La Nueva Tasa de Basuras en Alcorc\u00f3n","datePublished":"2024-12-28T18:33:00+00:00","dateModified":"2025-02-04T12:11:06+00:00","mainEntityOfPage":{"@id":"https:\/\/www.nuevomilenio-inmo.com\/blog\/la-nueva-tasa-de-basuras-en-alcorcon\/"},"wordCount":868,"commentCount":0,"publisher":{"@id":"https:\/\/www.nuevomilenio-inmo.com\/blog\/#organization"},"image":{"@id":"https:\/\/www.nuevomilenio-inmo.com\/blog\/la-nueva-tasa-de-basuras-en-alcorcon\/#primaryimage"},"thumbnailUrl":"https:\/\/www.nuevomilenio-inmo.com\/blog\/wp-content\/uploads\/2024\/12\/tasa-de-basuras-alcorcon.webp","keywords":["Alcorc\u00f3n","basuras;","impuestos","vivienda"],"articleSection":["Arrendadores","Compradores","Inquilinos","Vendedores"],"inLanguage":"es","potentialAction":[{"@type":"CommentAction","name":"Comment","target":["https:\/\/www.nuevomilenio-inmo.com\/blog\/la-nueva-tasa-de-basuras-en-alcorcon\/#respond"]}]},{"@type":"WebPage","@id":"https:\/\/www.nuevomilenio-inmo.com\/blog\/la-nueva-tasa-de-basuras-en-alcorcon\/","url":"https:\/\/www.nuevomilenio-inmo.com\/blog\/la-nueva-tasa-de-basuras-en-alcorcon\/","name":"La Nueva Tasa de Basuras en Alcorc\u00f3n -","isPartOf":{"@id":"https:\/\/www.nuevomilenio-inmo.com\/blog\/#website"},"primaryImageOfPage":{"@id":"https:\/\/www.nuevomilenio-inmo.com\/blog\/la-nueva-tasa-de-basuras-en-alcorcon\/#primaryimage"},"image":{"@id":"https:\/\/www.nuevomilenio-inmo.com\/blog\/la-nueva-tasa-de-basuras-en-alcorcon\/#primaryimage"},"thumbnailUrl":"https:\/\/www.nuevomilenio-inmo.com\/blog\/wp-content\/uploads\/2024\/12\/tasa-de-basuras-alcorcon.webp","datePublished":"2024-12-28T18:33:00+00:00","dateModified":"2025-02-04T12:11:06+00:00","breadcrumb":{"@id":"https:\/\/www.nuevomilenio-inmo.com\/blog\/la-nueva-tasa-de-basuras-en-alcorcon\/#breadcrumb"},"inLanguage":"es","potentialAction":[{"@type":"ReadAction","target":["https:\/\/www.nuevomilenio-inmo.com\/blog\/la-nueva-tasa-de-basuras-en-alcorcon\/"]}]},{"@type":"ImageObject","inLanguage":"es","@id":"https:\/\/www.nuevomilenio-inmo.com\/blog\/la-nueva-tasa-de-basuras-en-alcorcon\/#primaryimage","url":"https:\/\/www.nuevomilenio-inmo.com\/blog\/wp-content\/uploads\/2024\/12\/tasa-de-basuras-alcorcon.webp","contentUrl":"https:\/\/www.nuevomilenio-inmo.com\/blog\/wp-content\/uploads\/2024\/12\/tasa-de-basuras-alcorcon.webp"},{"@type":"BreadcrumbList","@id":"https:\/\/www.nuevomilenio-inmo.com\/blog\/la-nueva-tasa-de-basuras-en-alcorcon\/#breadcrumb","itemListElement":[{"@type":"ListItem","position":1,"name":"Portada","item":"https:\/\/www.nuevomilenio-inmo.com\/blog\/"},{"@type":"ListItem","position":2,"name":"La Nueva Tasa de Basuras en Alcorc\u00f3n"}]},{"@type":"WebSite","@id":"https:\/\/www.nuevomilenio-inmo.com\/blog\/#website","url":"https:\/\/www.nuevomilenio-inmo.com\/blog\/","name":"Blog de Nuevo Milenio","description":"","publisher":{"@id":"https:\/\/www.nuevomilenio-inmo.com\/blog\/#organization"},"potentialAction":[{"@type":"SearchAction","target":{"@type":"EntryPoint","urlTemplate":"https:\/\/www.nuevomilenio-inmo.com\/blog\/?s={search_term_string}"},"query-input":{"@type":"PropertyValueSpecification","valueRequired":true,"valueName":"search_term_string"}}],"inLanguage":"es"},{"@type":"Organization","@id":"https:\/\/www.nuevomilenio-inmo.com\/blog\/#organization","name":"Nuevo Milenio Inmobiliaria","url":"https:\/\/www.nuevomilenio-inmo.com\/blog\/","logo":{"@type":"ImageObject","inLanguage":"es","@id":"https:\/\/www.nuevomilenio-inmo.com\/blog\/#\/schema\/logo\/image\/","url":"https:\/\/www.nuevomilenio-inmo.com\/blog\/wp-content\/uploads\/2017\/12\/cropped-cropped-Logo-NM-2016.jpg","contentUrl":"https:\/\/www.nuevomilenio-inmo.com\/blog\/wp-content\/uploads\/2017\/12\/cropped-cropped-Logo-NM-2016.jpg","width":878,"height":169,"caption":"Nuevo Milenio Inmobiliaria"},"image":{"@id":"https:\/\/www.nuevomilenio-inmo.com\/blog\/#\/schema\/logo\/image\/"},"sameAs":["https:\/\/www.facebook.com\/nuevomilenioinmo\/","https:\/\/x.com\/milenioinmo"]},{"@type":"Person","@id":"https:\/\/www.nuevomilenio-inmo.com\/blog\/#\/schema\/person\/02a2314099283198817f5893070c4148","name":"milenio","image":{"@type":"ImageObject","inLanguage":"es","@id":"https:\/\/secure.gravatar.com\/avatar\/752b096831d3fe90fde96eb5b0d1174d5e05b434a068c36526ad2198667a6eb0?s=96&d=mm&r=g","url":"https:\/\/secure.gravatar.com\/avatar\/752b096831d3fe90fde96eb5b0d1174d5e05b434a068c36526ad2198667a6eb0?s=96&d=mm&r=g","contentUrl":"https:\/\/secure.gravatar.com\/avatar\/752b096831d3fe90fde96eb5b0d1174d5e05b434a068c36526ad2198667a6eb0?s=96&d=mm&r=g","caption":"milenio"},"sameAs":["https:\/\/www.facebook.com\/nuevomilenioinmo\/","https:\/\/x.com\/milenioinmo"]}]}},"_links":{"self":[{"href":"https:\/\/www.nuevomilenio-inmo.com\/blog\/wp-json\/wp\/v2\/posts\/1295","targetHints":{"allow":["GET"]}}],"collection":[{"href":"https:\/\/www.nuevomilenio-inmo.com\/blog\/wp-json\/wp\/v2\/posts"}],"about":[{"href":"https:\/\/www.nuevomilenio-inmo.com\/blog\/wp-json\/wp\/v2\/types\/post"}],"author":[{"embeddable":true,"href":"https:\/\/www.nuevomilenio-inmo.com\/blog\/wp-json\/wp\/v2\/users\/1"}],"replies":[{"embeddable":true,"href":"https:\/\/www.nuevomilenio-inmo.com\/blog\/wp-json\/wp\/v2\/comments?post=1295"}],"version-history":[{"count":7,"href":"https:\/\/www.nuevomilenio-inmo.com\/blog\/wp-json\/wp\/v2\/posts\/1295\/revisions"}],"predecessor-version":[{"id":1312,"href":"https:\/\/www.nuevomilenio-inmo.com\/blog\/wp-json\/wp\/v2\/posts\/1295\/revisions\/1312"}],"wp:attachment":[{"href":"https:\/\/www.nuevomilenio-inmo.com\/blog\/wp-json\/wp\/v2\/media?parent=1295"}],"wp:term":[{"taxonomy":"category","embeddable":true,"href":"https:\/\/www.nuevomilenio-inmo.com\/blog\/wp-json\/wp\/v2\/categories?post=1295"},{"taxonomy":"post_tag","embeddable":true,"href":"https:\/\/www.nuevomilenio-inmo.com\/blog\/wp-json\/wp\/v2\/tags?post=1295"}],"curies":[{"name":"wp","href":"https:\/\/api.w.org\/{rel}","templated":true}]}}