{"id":1290,"date":"2024-12-08T10:47:10","date_gmt":"2024-12-08T10:47:10","guid":{"rendered":"https:\/\/www.nuevomilenio-inmo.com\/blog\/?p=1290"},"modified":"2024-12-08T10:47:14","modified_gmt":"2024-12-08T10:47:14","slug":"retamar-de-la-huerta-en-alcorcon-el-proyecto-urbanistico-cronologia","status":"publish","type":"post","link":"https:\/\/www.nuevomilenio-inmo.com\/blog\/retamar-de-la-huerta-en-alcorcon-el-proyecto-urbanistico-cronologia\/","title":{"rendered":"Retamar de la Huerta en Alcorc\u00f3n. El proyecto Urban\u00edstico. Cronolog\u00eda"},"content":{"rendered":"\n<figure class=\"wp-block-image size-large\"><a href=\"https:\/\/www.nuevomilenio-inmo.com\/blog\/wp-content\/uploads\/2024\/12\/retamar-huerta.jpg\"><img loading=\"lazy\" decoding=\"async\" width=\"1024\" height=\"504\" src=\"https:\/\/www.nuevomilenio-inmo.com\/blog\/wp-content\/uploads\/2024\/12\/retamar-huerta-1024x504.jpg\" alt=\"\" class=\"wp-image-1291\" srcset=\"https:\/\/www.nuevomilenio-inmo.com\/blog\/wp-content\/uploads\/2024\/12\/retamar-huerta-1024x504.jpg 1024w, https:\/\/www.nuevomilenio-inmo.com\/blog\/wp-content\/uploads\/2024\/12\/retamar-huerta-300x148.jpg 300w, https:\/\/www.nuevomilenio-inmo.com\/blog\/wp-content\/uploads\/2024\/12\/retamar-huerta-768x378.jpg 768w, https:\/\/www.nuevomilenio-inmo.com\/blog\/wp-content\/uploads\/2024\/12\/retamar-huerta.jpg 1107w\" sizes=\"auto, (max-width: 1024px) 100vw, 1024px\" \/><\/a><\/figure>\n\n\n\n<p>Retamar de la Huerta, en el municipio de Alcorc\u00f3n, es el nuevo desarrollo urban\u00edstico del suroeste de Madrid y se presenta como uno de los proyectos urban\u00edsticos residenciales m\u00e1s destacados de la Comunidad de Madrid en t\u00e9rminos medioambientales, que pone el foco en el aspecto residencial y la conexi\u00f3n con la naturaleza. Dise\u00f1ado exclusivamente para uso residencial, este desarrollo albergar\u00e1 3.503 viviendas, con un nuevo modelo de ciudad de escala humana, y una oferta diversificada de vivienda libre y protegida, con caracter\u00edsticas distintivas y exclusivas marcadas por el respeto a la naturaleza y una forma de vida y construcci\u00f3n sostenible.<\/p>\n\n\n\n<p>Enclavado en la intersecci\u00f3n de la M506 y la M50, en Alcorc\u00f3n, junto al barrio residencial de Campod\u00f3n y Villaviciosa de Od\u00f3n, su plan de sectorizaci\u00f3n y ordenaci\u00f3n, fue aprobado por la Comunidad de Madrid en 2013 y once a\u00f1os despu\u00e9s todav\u00eda no han comenzado las obras de urbanizaci\u00f3n.<\/p>\n\n\n\n<p>A continuaci\u00f3n te contamos como ha ido evolucionando este proyecto urban\u00edstico:<\/p>\n\n\n\n<p><\/p>\n\n\n\n<ol class=\"wp-block-list\" start=\"1\">\n<li><strong>Planificaci\u00f3n inicial<\/strong>:\n<ul class=\"wp-block-list\">\n<li><strong>D\u00e9cada de 1990<\/strong>: Se inicia el planeamiento urban\u00edstico de Retamar de la Huerta como parte del Plan General de Ordenaci\u00f3n Urbana de Alcorc\u00f3n, estableciendo la zona como \u00e1rea residencial futura.<\/li>\n<\/ul>\n<\/li>\n\n\n\n<li><strong>Desbloqueo del proyecto<\/strong>:\n<ul class=\"wp-block-list\">\n<li><strong>2020-2021<\/strong>: Despu\u00e9s de a\u00f1os de paralizaci\u00f3n, el Ayuntamiento de Alcorc\u00f3n desbloquea Retamar de la Huerta, anunciando su reactivaci\u00f3n como el mayor desarrollo urban\u00edstico de la localidad.<\/li>\n<\/ul>\n<\/li>\n\n\n\n<li><strong>Distribuci\u00f3n de usos y suelos<\/strong>:\n<ul class=\"wp-block-list\">\n<li><strong>2022<\/strong>: Se define la distribuci\u00f3n del \u00e1mbito:\n<ul class=\"wp-block-list\">\n<li>Construcci\u00f3n de 3.500 viviendas (32% de protecci\u00f3n oficial).<\/li>\n\n\n\n<li>306.133 m\u00b2 de zonas verdes.<\/li>\n\n\n\n<li>Edificabilidad residencial dividida entre promotores privados y p\u00fablicos.<\/li>\n<\/ul>\n<\/li>\n<\/ul>\n<\/li>\n\n\n\n<li><strong>Adquisici\u00f3n de terrenos por promotoras<\/strong>:\n<ul class=\"wp-block-list\">\n<li><strong>2023<\/strong>:\n<ul class=\"wp-block-list\">\n<li><strong>Culmia<\/strong> se consolida como la mayor propietaria privada, adquiriendo el 21% del suelo (aproximadamente 550 viviendas).<\/li>\n\n\n\n<li><strong>La Llave de Oro<\/strong> adquiere el 14% tras comprar terrenos a Aedas Homes, desarrollando 380 viviendas.<\/li>\n\n\n\n<li><strong>Habitat Inmobiliaria<\/strong> y <strong>Realia<\/strong> cierran acuerdos para sus respectivas promociones.<\/li>\n<\/ul>\n<\/li>\n<\/ul>\n<\/li>\n\n\n\n<li><strong>Preparativos para urbanizaci\u00f3n<\/strong>:\n<ul class=\"wp-block-list\">\n<li><strong>2024 (Primer semestre)<\/strong>: Finalizaci\u00f3n de estudios t\u00e9cnicos y licitaciones para las obras de urbanizaci\u00f3n.<\/li>\n\n\n\n<li><strong>2025 (Primer trimestre)<\/strong>: Inicio de las obras de urbanizaci\u00f3n.<\/li>\n<\/ul>\n<\/li>\n\n\n\n<li><strong>Inicio de comercializaci\u00f3n<\/strong>:\n<ul class=\"wp-block-list\">\n<li><strong>2025<\/strong>: Se espera que comiencen las primeras comercializaciones de las viviendas por parte de las promotoras participantes, como Culmia, La Llave de Oro, Habitat Inmobiliaria, entre otras.<\/li>\n<\/ul>\n<\/li>\n\n\n\n<li><strong>Construcci\u00f3n de viviendas<\/strong>:\n<ul class=\"wp-block-list\">\n<li><strong>2025-2027<\/strong>: Construcci\u00f3n de las promociones por parte de las distintas promotoras. Se prev\u00e9 un enfoque en la sostenibilidad y la integraci\u00f3n paisaj\u00edstica.<\/li>\n<\/ul>\n<\/li>\n\n\n\n<li><strong>Entrega de las primeras viviendas<\/strong>:\n<ul class=\"wp-block-list\">\n<li><strong>2027-2028<\/strong>: Estimaci\u00f3n para la entrega de las primeras viviendas a sus nuevos propietarios.<\/li>\n<\/ul>\n<\/li>\n\n\n\n<li><strong>Consolidaci\u00f3n del barrio<\/strong>:\n<ul class=\"wp-block-list\">\n<li><strong>2030 y en adelante<\/strong>: Finalizaci\u00f3n total del desarrollo de Retamar de la Huerta, consolid\u00e1ndose como un barrio moderno, de baja densidad, con amplias zonas verdes y servicios de calidad.<\/li>\n<\/ul>\n<\/li>\n<\/ol>\n\n\n\n<p>Este proyecto promete transformar el sur de Alcorc\u00f3n, ofreciendo un modelo de urbanizaci\u00f3n innovador y sostenible. Si deseas ampliar informaci\u00f3n puedes entrar en la web: <a href=\"https:\/\/www.viveretamar.es\/\">https:\/\/www.viveretamar.es\/<\/a><\/p>\n\n\n","protected":false},"excerpt":{"rendered":"<p>Retamar de la Huerta, en el municipio de Alcorc\u00f3n, es el nuevo desarrollo urban\u00edstico del suroeste de Madrid y se [&hellip;]<\/p>\n","protected":false},"author":1,"featured_media":0,"comment_status":"open","ping_status":"open","sticky":false,"template":"","format":"standard","meta":{"site-sidebar-layout":"default","site-content-layout":"","ast-site-content-layout":"default","site-content-style":"default","site-sidebar-style":"default","ast-global-header-display":"","ast-banner-title-visibility":"","ast-main-header-display":"","ast-hfb-above-header-display":"","ast-hfb-below-header-display":"","ast-hfb-mobile-header-display":"","site-post-title":"","ast-breadcrumbs-content":"","ast-featured-img":"","footer-sml-layout":"","theme-transparent-header-meta":"","adv-header-id-meta":"","stick-header-meta":"","header-above-stick-meta":"","header-main-stick-meta":"","header-below-stick-meta":"","astra-migrate-meta-layouts":"default","ast-page-background-enabled":"default","ast-page-background-meta":{"desktop":{"background-color":"var(--ast-global-color-4)","background-image":"","background-repeat":"repeat","background-position":"center center","background-size":"auto","background-attachment":"scroll","background-type":"","background-media":"","overlay-type":"","overlay-color":"","overlay-opacity":"","overlay-gradient":""},"tablet":{"background-color":"","background-image":"","background-repeat":"repeat","background-position":"center center","background-size":"auto","background-attachment":"scroll","background-type":"","background-media":"","overlay-type":"","overlay-color":"","overlay-opacity":"","overlay-gradient":""},"mobile":{"background-color":"","background-image":"","background-repeat":"repeat","background-position":"center center","background-size":"auto","background-attachment":"scroll","background-type":"","background-media":"","overlay-type":"","overlay-color":"","overlay-opacity":"","overlay-gradient":""}},"ast-content-background-meta":{"desktop":{"background-color":"var(--ast-global-color-5)","background-image":"","background-repeat":"repeat","background-position":"center center","background-size":"auto","background-attachment":"scroll","background-type":"","background-media":"","overlay-type":"","overlay-color":"","overlay-opacity":"","overlay-gradient":""},"tablet":{"background-color":"var(--ast-global-color-5)","background-image":"","background-repeat":"repeat","background-position":"center center","background-size":"auto","background-attachment":"scroll","background-type":"","background-media":"","overlay-type":"","overlay-color":"","overlay-opacity":"","overlay-gradient":""},"mobile":{"background-color":"var(--ast-global-color-5)","background-image":"","background-repeat":"repeat","background-position":"center center","background-size":"auto","background-attachment":"scroll","background-type":"","background-media":"","overlay-type":"","overlay-color":"","overlay-opacity":"","overlay-gradient":""}},"footnotes":""},"categories":[1],"tags":[168,378,376,377],"class_list":["post-1290","post","type-post","status-publish","format-standard","hentry","category-sin-categoria","tag-alcorcon","tag-campodon","tag-retamar-de-la-huerta","tag-urbanizacion"],"yoast_head":"<!-- This site is optimized with the Yoast SEO plugin v27.5 - https:\/\/yoast.com\/product\/yoast-seo-wordpress\/ -->\n<title>Retamar de la Huerta en Alcorc\u00f3n. El proyecto Urban\u00edstico. Cronolog\u00eda -<\/title>\n<meta name=\"robots\" content=\"index, follow, max-snippet:-1, max-image-preview:large, max-video-preview:-1\" \/>\n<link rel=\"canonical\" href=\"https:\/\/www.nuevomilenio-inmo.com\/blog\/retamar-de-la-huerta-en-alcorcon-el-proyecto-urbanistico-cronologia\/\" \/>\n<meta property=\"og:locale\" content=\"es_ES\" \/>\n<meta property=\"og:type\" content=\"article\" \/>\n<meta property=\"og:title\" content=\"Retamar de la Huerta en Alcorc\u00f3n. El proyecto Urban\u00edstico. Cronolog\u00eda -\" \/>\n<meta property=\"og:description\" content=\"Retamar de la Huerta, en el municipio de Alcorc\u00f3n, es el nuevo desarrollo urban\u00edstico del suroeste de Madrid y se [&hellip;]\" \/>\n<meta property=\"og:url\" content=\"https:\/\/www.nuevomilenio-inmo.com\/blog\/retamar-de-la-huerta-en-alcorcon-el-proyecto-urbanistico-cronologia\/\" \/>\n<meta property=\"article:publisher\" content=\"https:\/\/www.facebook.com\/nuevomilenioinmo\/\" \/>\n<meta property=\"article:author\" content=\"https:\/\/www.facebook.com\/nuevomilenioinmo\/\" \/>\n<meta property=\"article:published_time\" content=\"2024-12-08T10:47:10+00:00\" \/>\n<meta property=\"article:modified_time\" content=\"2024-12-08T10:47:14+00:00\" \/>\n<meta property=\"og:image\" content=\"https:\/\/www.nuevomilenio-inmo.com\/blog\/wp-content\/uploads\/2024\/12\/retamar-huerta-1024x504.jpg\" \/>\n<meta name=\"author\" content=\"milenio\" \/>\n<meta name=\"twitter:card\" content=\"summary_large_image\" \/>\n<meta name=\"twitter:creator\" content=\"@milenioinmo\" \/>\n<meta name=\"twitter:site\" content=\"@milenioinmo\" \/>\n<meta name=\"twitter:label1\" content=\"Escrito por\" \/>\n\t<meta name=\"twitter:data1\" content=\"milenio\" \/>\n\t<meta name=\"twitter:label2\" content=\"Tiempo de lectura\" \/>\n\t<meta name=\"twitter:data2\" content=\"3 minutos\" \/>\n<script type=\"application\/ld+json\" class=\"yoast-schema-graph\">{\"@context\":\"https:\\\/\\\/schema.org\",\"@graph\":[{\"@type\":\"Article\",\"@id\":\"https:\\\/\\\/www.nuevomilenio-inmo.com\\\/blog\\\/retamar-de-la-huerta-en-alcorcon-el-proyecto-urbanistico-cronologia\\\/#article\",\"isPartOf\":{\"@id\":\"https:\\\/\\\/www.nuevomilenio-inmo.com\\\/blog\\\/retamar-de-la-huerta-en-alcorcon-el-proyecto-urbanistico-cronologia\\\/\"},\"author\":{\"name\":\"milenio\",\"@id\":\"https:\\\/\\\/www.nuevomilenio-inmo.com\\\/blog\\\/#\\\/schema\\\/person\\\/02a2314099283198817f5893070c4148\"},\"headline\":\"Retamar de la Huerta en Alcorc\u00f3n. El proyecto Urban\u00edstico. Cronolog\u00eda\",\"datePublished\":\"2024-12-08T10:47:10+00:00\",\"dateModified\":\"2024-12-08T10:47:14+00:00\",\"mainEntityOfPage\":{\"@id\":\"https:\\\/\\\/www.nuevomilenio-inmo.com\\\/blog\\\/retamar-de-la-huerta-en-alcorcon-el-proyecto-urbanistico-cronologia\\\/\"},\"wordCount\":514,\"commentCount\":0,\"publisher\":{\"@id\":\"https:\\\/\\\/www.nuevomilenio-inmo.com\\\/blog\\\/#organization\"},\"image\":{\"@id\":\"https:\\\/\\\/www.nuevomilenio-inmo.com\\\/blog\\\/retamar-de-la-huerta-en-alcorcon-el-proyecto-urbanistico-cronologia\\\/#primaryimage\"},\"thumbnailUrl\":\"https:\\\/\\\/www.nuevomilenio-inmo.com\\\/blog\\\/wp-content\\\/uploads\\\/2024\\\/12\\\/retamar-huerta-1024x504.jpg\",\"keywords\":[\"Alcorc\u00f3n\",\"campod\u00f3n\",\"retamar de la huerta\",\"urbanizaci\u00f3n\"],\"inLanguage\":\"es\",\"potentialAction\":[{\"@type\":\"CommentAction\",\"name\":\"Comment\",\"target\":[\"https:\\\/\\\/www.nuevomilenio-inmo.com\\\/blog\\\/retamar-de-la-huerta-en-alcorcon-el-proyecto-urbanistico-cronologia\\\/#respond\"]}]},{\"@type\":\"WebPage\",\"@id\":\"https:\\\/\\\/www.nuevomilenio-inmo.com\\\/blog\\\/retamar-de-la-huerta-en-alcorcon-el-proyecto-urbanistico-cronologia\\\/\",\"url\":\"https:\\\/\\\/www.nuevomilenio-inmo.com\\\/blog\\\/retamar-de-la-huerta-en-alcorcon-el-proyecto-urbanistico-cronologia\\\/\",\"name\":\"Retamar de la Huerta en Alcorc\u00f3n. El proyecto Urban\u00edstico. Cronolog\u00eda -\",\"isPartOf\":{\"@id\":\"https:\\\/\\\/www.nuevomilenio-inmo.com\\\/blog\\\/#website\"},\"primaryImageOfPage\":{\"@id\":\"https:\\\/\\\/www.nuevomilenio-inmo.com\\\/blog\\\/retamar-de-la-huerta-en-alcorcon-el-proyecto-urbanistico-cronologia\\\/#primaryimage\"},\"image\":{\"@id\":\"https:\\\/\\\/www.nuevomilenio-inmo.com\\\/blog\\\/retamar-de-la-huerta-en-alcorcon-el-proyecto-urbanistico-cronologia\\\/#primaryimage\"},\"thumbnailUrl\":\"https:\\\/\\\/www.nuevomilenio-inmo.com\\\/blog\\\/wp-content\\\/uploads\\\/2024\\\/12\\\/retamar-huerta-1024x504.jpg\",\"datePublished\":\"2024-12-08T10:47:10+00:00\",\"dateModified\":\"2024-12-08T10:47:14+00:00\",\"breadcrumb\":{\"@id\":\"https:\\\/\\\/www.nuevomilenio-inmo.com\\\/blog\\\/retamar-de-la-huerta-en-alcorcon-el-proyecto-urbanistico-cronologia\\\/#breadcrumb\"},\"inLanguage\":\"es\",\"potentialAction\":[{\"@type\":\"ReadAction\",\"target\":[\"https:\\\/\\\/www.nuevomilenio-inmo.com\\\/blog\\\/retamar-de-la-huerta-en-alcorcon-el-proyecto-urbanistico-cronologia\\\/\"]}]},{\"@type\":\"ImageObject\",\"inLanguage\":\"es\",\"@id\":\"https:\\\/\\\/www.nuevomilenio-inmo.com\\\/blog\\\/retamar-de-la-huerta-en-alcorcon-el-proyecto-urbanistico-cronologia\\\/#primaryimage\",\"url\":\"https:\\\/\\\/www.nuevomilenio-inmo.com\\\/blog\\\/wp-content\\\/uploads\\\/2024\\\/12\\\/retamar-huerta.jpg\",\"contentUrl\":\"https:\\\/\\\/www.nuevomilenio-inmo.com\\\/blog\\\/wp-content\\\/uploads\\\/2024\\\/12\\\/retamar-huerta.jpg\",\"width\":1107,\"height\":545},{\"@type\":\"BreadcrumbList\",\"@id\":\"https:\\\/\\\/www.nuevomilenio-inmo.com\\\/blog\\\/retamar-de-la-huerta-en-alcorcon-el-proyecto-urbanistico-cronologia\\\/#breadcrumb\",\"itemListElement\":[{\"@type\":\"ListItem\",\"position\":1,\"name\":\"Portada\",\"item\":\"https:\\\/\\\/www.nuevomilenio-inmo.com\\\/blog\\\/\"},{\"@type\":\"ListItem\",\"position\":2,\"name\":\"Retamar de la Huerta en Alcorc\u00f3n. El proyecto Urban\u00edstico. Cronolog\u00eda\"}]},{\"@type\":\"WebSite\",\"@id\":\"https:\\\/\\\/www.nuevomilenio-inmo.com\\\/blog\\\/#website\",\"url\":\"https:\\\/\\\/www.nuevomilenio-inmo.com\\\/blog\\\/\",\"name\":\"Blog de Nuevo Milenio\",\"description\":\"\",\"publisher\":{\"@id\":\"https:\\\/\\\/www.nuevomilenio-inmo.com\\\/blog\\\/#organization\"},\"potentialAction\":[{\"@type\":\"SearchAction\",\"target\":{\"@type\":\"EntryPoint\",\"urlTemplate\":\"https:\\\/\\\/www.nuevomilenio-inmo.com\\\/blog\\\/?s={search_term_string}\"},\"query-input\":{\"@type\":\"PropertyValueSpecification\",\"valueRequired\":true,\"valueName\":\"search_term_string\"}}],\"inLanguage\":\"es\"},{\"@type\":\"Organization\",\"@id\":\"https:\\\/\\\/www.nuevomilenio-inmo.com\\\/blog\\\/#organization\",\"name\":\"Nuevo Milenio Inmobiliaria\",\"url\":\"https:\\\/\\\/www.nuevomilenio-inmo.com\\\/blog\\\/\",\"logo\":{\"@type\":\"ImageObject\",\"inLanguage\":\"es\",\"@id\":\"https:\\\/\\\/www.nuevomilenio-inmo.com\\\/blog\\\/#\\\/schema\\\/logo\\\/image\\\/\",\"url\":\"https:\\\/\\\/www.nuevomilenio-inmo.com\\\/blog\\\/wp-content\\\/uploads\\\/2017\\\/12\\\/cropped-cropped-Logo-NM-2016.jpg\",\"contentUrl\":\"https:\\\/\\\/www.nuevomilenio-inmo.com\\\/blog\\\/wp-content\\\/uploads\\\/2017\\\/12\\\/cropped-cropped-Logo-NM-2016.jpg\",\"width\":878,\"height\":169,\"caption\":\"Nuevo Milenio Inmobiliaria\"},\"image\":{\"@id\":\"https:\\\/\\\/www.nuevomilenio-inmo.com\\\/blog\\\/#\\\/schema\\\/logo\\\/image\\\/\"},\"sameAs\":[\"https:\\\/\\\/www.facebook.com\\\/nuevomilenioinmo\\\/\",\"https:\\\/\\\/x.com\\\/milenioinmo\"]},{\"@type\":\"Person\",\"@id\":\"https:\\\/\\\/www.nuevomilenio-inmo.com\\\/blog\\\/#\\\/schema\\\/person\\\/02a2314099283198817f5893070c4148\",\"name\":\"milenio\",\"image\":{\"@type\":\"ImageObject\",\"inLanguage\":\"es\",\"@id\":\"https:\\\/\\\/secure.gravatar.com\\\/avatar\\\/752b096831d3fe90fde96eb5b0d1174d5e05b434a068c36526ad2198667a6eb0?s=96&d=mm&r=g\",\"url\":\"https:\\\/\\\/secure.gravatar.com\\\/avatar\\\/752b096831d3fe90fde96eb5b0d1174d5e05b434a068c36526ad2198667a6eb0?s=96&d=mm&r=g\",\"contentUrl\":\"https:\\\/\\\/secure.gravatar.com\\\/avatar\\\/752b096831d3fe90fde96eb5b0d1174d5e05b434a068c36526ad2198667a6eb0?s=96&d=mm&r=g\",\"caption\":\"milenio\"},\"sameAs\":[\"https:\\\/\\\/www.facebook.com\\\/nuevomilenioinmo\\\/\",\"https:\\\/\\\/x.com\\\/milenioinmo\"]}]}<\/script>\n<!-- \/ Yoast SEO plugin. -->","yoast_head_json":{"title":"Retamar de la Huerta en Alcorc\u00f3n. El proyecto Urban\u00edstico. Cronolog\u00eda -","robots":{"index":"index","follow":"follow","max-snippet":"max-snippet:-1","max-image-preview":"max-image-preview:large","max-video-preview":"max-video-preview:-1"},"canonical":"https:\/\/www.nuevomilenio-inmo.com\/blog\/retamar-de-la-huerta-en-alcorcon-el-proyecto-urbanistico-cronologia\/","og_locale":"es_ES","og_type":"article","og_title":"Retamar de la Huerta en Alcorc\u00f3n. El proyecto Urban\u00edstico. Cronolog\u00eda -","og_description":"Retamar de la Huerta, en el municipio de Alcorc\u00f3n, es el nuevo desarrollo urban\u00edstico del suroeste de Madrid y se [&hellip;]","og_url":"https:\/\/www.nuevomilenio-inmo.com\/blog\/retamar-de-la-huerta-en-alcorcon-el-proyecto-urbanistico-cronologia\/","article_publisher":"https:\/\/www.facebook.com\/nuevomilenioinmo\/","article_author":"https:\/\/www.facebook.com\/nuevomilenioinmo\/","article_published_time":"2024-12-08T10:47:10+00:00","article_modified_time":"2024-12-08T10:47:14+00:00","og_image":[{"url":"https:\/\/www.nuevomilenio-inmo.com\/blog\/wp-content\/uploads\/2024\/12\/retamar-huerta-1024x504.jpg","type":"","width":"","height":""}],"author":"milenio","twitter_card":"summary_large_image","twitter_creator":"@milenioinmo","twitter_site":"@milenioinmo","twitter_misc":{"Escrito por":"milenio","Tiempo de lectura":"3 minutos"},"schema":{"@context":"https:\/\/schema.org","@graph":[{"@type":"Article","@id":"https:\/\/www.nuevomilenio-inmo.com\/blog\/retamar-de-la-huerta-en-alcorcon-el-proyecto-urbanistico-cronologia\/#article","isPartOf":{"@id":"https:\/\/www.nuevomilenio-inmo.com\/blog\/retamar-de-la-huerta-en-alcorcon-el-proyecto-urbanistico-cronologia\/"},"author":{"name":"milenio","@id":"https:\/\/www.nuevomilenio-inmo.com\/blog\/#\/schema\/person\/02a2314099283198817f5893070c4148"},"headline":"Retamar de la Huerta en Alcorc\u00f3n. El proyecto Urban\u00edstico. Cronolog\u00eda","datePublished":"2024-12-08T10:47:10+00:00","dateModified":"2024-12-08T10:47:14+00:00","mainEntityOfPage":{"@id":"https:\/\/www.nuevomilenio-inmo.com\/blog\/retamar-de-la-huerta-en-alcorcon-el-proyecto-urbanistico-cronologia\/"},"wordCount":514,"commentCount":0,"publisher":{"@id":"https:\/\/www.nuevomilenio-inmo.com\/blog\/#organization"},"image":{"@id":"https:\/\/www.nuevomilenio-inmo.com\/blog\/retamar-de-la-huerta-en-alcorcon-el-proyecto-urbanistico-cronologia\/#primaryimage"},"thumbnailUrl":"https:\/\/www.nuevomilenio-inmo.com\/blog\/wp-content\/uploads\/2024\/12\/retamar-huerta-1024x504.jpg","keywords":["Alcorc\u00f3n","campod\u00f3n","retamar de la huerta","urbanizaci\u00f3n"],"inLanguage":"es","potentialAction":[{"@type":"CommentAction","name":"Comment","target":["https:\/\/www.nuevomilenio-inmo.com\/blog\/retamar-de-la-huerta-en-alcorcon-el-proyecto-urbanistico-cronologia\/#respond"]}]},{"@type":"WebPage","@id":"https:\/\/www.nuevomilenio-inmo.com\/blog\/retamar-de-la-huerta-en-alcorcon-el-proyecto-urbanistico-cronologia\/","url":"https:\/\/www.nuevomilenio-inmo.com\/blog\/retamar-de-la-huerta-en-alcorcon-el-proyecto-urbanistico-cronologia\/","name":"Retamar de la Huerta en Alcorc\u00f3n. El proyecto Urban\u00edstico. Cronolog\u00eda -","isPartOf":{"@id":"https:\/\/www.nuevomilenio-inmo.com\/blog\/#website"},"primaryImageOfPage":{"@id":"https:\/\/www.nuevomilenio-inmo.com\/blog\/retamar-de-la-huerta-en-alcorcon-el-proyecto-urbanistico-cronologia\/#primaryimage"},"image":{"@id":"https:\/\/www.nuevomilenio-inmo.com\/blog\/retamar-de-la-huerta-en-alcorcon-el-proyecto-urbanistico-cronologia\/#primaryimage"},"thumbnailUrl":"https:\/\/www.nuevomilenio-inmo.com\/blog\/wp-content\/uploads\/2024\/12\/retamar-huerta-1024x504.jpg","datePublished":"2024-12-08T10:47:10+00:00","dateModified":"2024-12-08T10:47:14+00:00","breadcrumb":{"@id":"https:\/\/www.nuevomilenio-inmo.com\/blog\/retamar-de-la-huerta-en-alcorcon-el-proyecto-urbanistico-cronologia\/#breadcrumb"},"inLanguage":"es","potentialAction":[{"@type":"ReadAction","target":["https:\/\/www.nuevomilenio-inmo.com\/blog\/retamar-de-la-huerta-en-alcorcon-el-proyecto-urbanistico-cronologia\/"]}]},{"@type":"ImageObject","inLanguage":"es","@id":"https:\/\/www.nuevomilenio-inmo.com\/blog\/retamar-de-la-huerta-en-alcorcon-el-proyecto-urbanistico-cronologia\/#primaryimage","url":"https:\/\/www.nuevomilenio-inmo.com\/blog\/wp-content\/uploads\/2024\/12\/retamar-huerta.jpg","contentUrl":"https:\/\/www.nuevomilenio-inmo.com\/blog\/wp-content\/uploads\/2024\/12\/retamar-huerta.jpg","width":1107,"height":545},{"@type":"BreadcrumbList","@id":"https:\/\/www.nuevomilenio-inmo.com\/blog\/retamar-de-la-huerta-en-alcorcon-el-proyecto-urbanistico-cronologia\/#breadcrumb","itemListElement":[{"@type":"ListItem","position":1,"name":"Portada","item":"https:\/\/www.nuevomilenio-inmo.com\/blog\/"},{"@type":"ListItem","position":2,"name":"Retamar de la Huerta en Alcorc\u00f3n. El proyecto Urban\u00edstico. Cronolog\u00eda"}]},{"@type":"WebSite","@id":"https:\/\/www.nuevomilenio-inmo.com\/blog\/#website","url":"https:\/\/www.nuevomilenio-inmo.com\/blog\/","name":"Blog de Nuevo Milenio","description":"","publisher":{"@id":"https:\/\/www.nuevomilenio-inmo.com\/blog\/#organization"},"potentialAction":[{"@type":"SearchAction","target":{"@type":"EntryPoint","urlTemplate":"https:\/\/www.nuevomilenio-inmo.com\/blog\/?s={search_term_string}"},"query-input":{"@type":"PropertyValueSpecification","valueRequired":true,"valueName":"search_term_string"}}],"inLanguage":"es"},{"@type":"Organization","@id":"https:\/\/www.nuevomilenio-inmo.com\/blog\/#organization","name":"Nuevo Milenio Inmobiliaria","url":"https:\/\/www.nuevomilenio-inmo.com\/blog\/","logo":{"@type":"ImageObject","inLanguage":"es","@id":"https:\/\/www.nuevomilenio-inmo.com\/blog\/#\/schema\/logo\/image\/","url":"https:\/\/www.nuevomilenio-inmo.com\/blog\/wp-content\/uploads\/2017\/12\/cropped-cropped-Logo-NM-2016.jpg","contentUrl":"https:\/\/www.nuevomilenio-inmo.com\/blog\/wp-content\/uploads\/2017\/12\/cropped-cropped-Logo-NM-2016.jpg","width":878,"height":169,"caption":"Nuevo Milenio Inmobiliaria"},"image":{"@id":"https:\/\/www.nuevomilenio-inmo.com\/blog\/#\/schema\/logo\/image\/"},"sameAs":["https:\/\/www.facebook.com\/nuevomilenioinmo\/","https:\/\/x.com\/milenioinmo"]},{"@type":"Person","@id":"https:\/\/www.nuevomilenio-inmo.com\/blog\/#\/schema\/person\/02a2314099283198817f5893070c4148","name":"milenio","image":{"@type":"ImageObject","inLanguage":"es","@id":"https:\/\/secure.gravatar.com\/avatar\/752b096831d3fe90fde96eb5b0d1174d5e05b434a068c36526ad2198667a6eb0?s=96&d=mm&r=g","url":"https:\/\/secure.gravatar.com\/avatar\/752b096831d3fe90fde96eb5b0d1174d5e05b434a068c36526ad2198667a6eb0?s=96&d=mm&r=g","contentUrl":"https:\/\/secure.gravatar.com\/avatar\/752b096831d3fe90fde96eb5b0d1174d5e05b434a068c36526ad2198667a6eb0?s=96&d=mm&r=g","caption":"milenio"},"sameAs":["https:\/\/www.facebook.com\/nuevomilenioinmo\/","https:\/\/x.com\/milenioinmo"]}]}},"_links":{"self":[{"href":"https:\/\/www.nuevomilenio-inmo.com\/blog\/wp-json\/wp\/v2\/posts\/1290","targetHints":{"allow":["GET"]}}],"collection":[{"href":"https:\/\/www.nuevomilenio-inmo.com\/blog\/wp-json\/wp\/v2\/posts"}],"about":[{"href":"https:\/\/www.nuevomilenio-inmo.com\/blog\/wp-json\/wp\/v2\/types\/post"}],"author":[{"embeddable":true,"href":"https:\/\/www.nuevomilenio-inmo.com\/blog\/wp-json\/wp\/v2\/users\/1"}],"replies":[{"embeddable":true,"href":"https:\/\/www.nuevomilenio-inmo.com\/blog\/wp-json\/wp\/v2\/comments?post=1290"}],"version-history":[{"count":2,"href":"https:\/\/www.nuevomilenio-inmo.com\/blog\/wp-json\/wp\/v2\/posts\/1290\/revisions"}],"predecessor-version":[{"id":1293,"href":"https:\/\/www.nuevomilenio-inmo.com\/blog\/wp-json\/wp\/v2\/posts\/1290\/revisions\/1293"}],"wp:attachment":[{"href":"https:\/\/www.nuevomilenio-inmo.com\/blog\/wp-json\/wp\/v2\/media?parent=1290"}],"wp:term":[{"taxonomy":"category","embeddable":true,"href":"https:\/\/www.nuevomilenio-inmo.com\/blog\/wp-json\/wp\/v2\/categories?post=1290"},{"taxonomy":"post_tag","embeddable":true,"href":"https:\/\/www.nuevomilenio-inmo.com\/blog\/wp-json\/wp\/v2\/tags?post=1290"}],"curies":[{"name":"wp","href":"https:\/\/api.w.org\/{rel}","templated":true}]}}