{"id":116,"date":"2009-04-10T17:28:00","date_gmt":"2009-04-10T17:28:00","guid":{"rendered":"http:\/\/www.vivirenalcorcon.com\/nueva-web\/blog\/2009\/04\/10\/el-mercado-inmobiario-y-los-impuestos\/"},"modified":"2009-04-10T17:28:00","modified_gmt":"2009-04-10T17:28:00","slug":"el-mercado-inmobiario-y-los-impuestos","status":"publish","type":"post","link":"https:\/\/www.nuevomilenio-inmo.com\/blog\/el-mercado-inmobiario-y-los-impuestos\/","title":{"rendered":"El mercado inmobiario y los impuestos"},"content":{"rendered":"<p>Cuando me pongo a escribir este post, me surgen dudas sobre como sintetizarlo y no aburrir, ya que quiero expresar muchas cosas, as\u00ed que he decidido empezar por <em>\u201cel mensaje<\/em>\u201d: <strong>la tremenda incongruencia de la fiscalidad relacionada con la vivienda.<\/strong> Y ahora que ya lo he soltado voy a dar mis argumentos:<\/p>\n<p><strong>El I.V.A.:<\/strong> Quiz\u00e1s el impuesto menos discutible. El 7% del valor de compraventa de la vivienda de nueva construcci\u00f3n, a veces reducido al 4%, e incluso al 1% en determinados casos especiales.<\/p>\n<p><strong>El I.T.P.:<\/strong> \u00bfAlguien entiende que el impuesto de transmisiones patrimoniales sea, para el caso de viviendas de segunda mano del 7% y para veh\u00edculos s\u00f3lo del 4%?. Y da igual cual sea el motivo, una y otra vez que se transmita una vivienda usada se pagar\u00e1 el 7% a la hacienda competente, en este caso la auton\u00f3mica. Imag\u00ednense el siguiente caso: al a\u00f1o de comprar su vivienda de obra nueva por 200.000 \u20ac, una pareja se separa y tiene que venderla, al a\u00f1o siguiente su nuevo comprador se traslada por motivos laborales y decide venderla de nuevo, un a\u00f1o m\u00e1s tarde su actual propietario se queda sin trabajo y tiene que venderla otra vez por no poder pagar la hipoteca. En este caso se habr\u00e1 pagado una vez el IVA y tres veces m\u00e1s el ITP, total el fisco se llevar\u00eda un 28% acumulado a\u00fan suponiendo que no haya beneficio, es decir aunque el precio sea el mismo en cada transmisi\u00f3n, 200.000 \u20ac, se embolsar\u00e1 \u201cpor la patilla\u201d 56.000 \u20ac. \u201cPARA GRITAR\u201d. Y eso contando con que no haya ganancia patrimonial ya que, en ese caso el vendedor pagar\u00eda adem\u00e1s el 18% de esa ganancia.<br \/><strong><br \/>El I.A.J.D.:<\/strong> El impuesto de actos jur\u00eddicos documentados <em>\u201cese gran desconocido\u201d.<\/em> Un obsoleto impuesto que grava porque s\u00ed ciertos otorgamientos de escrituras, entre ellos, como no, las compraventas de viviendas (en 1\u00aa transmisi\u00f3n) y las escrituras de hipoteca. Otro pico de entre el 0,5 y el 2% del importe afectado, dependiendo del caso, eso s\u00ed, al notario hay que pagarle aparte su minuta. M\u00e1s madera\u2026<\/p>\n<p><strong>La Plusval\u00eda Municipal:<\/strong> Este es mi preferido, el super impuesto que grava el incremento de valor de los terrenos urbanos, en otras palabras, que aunque compremos una vivienda, una peque\u00f1a parte siempre ser\u00e1 del ayuntamiento de turno, por tanto, cuando la vendamos habr\u00e1 que pagarle <em>\u201clo que le corresponda\u201d.<\/em> Y esto claro lo deciden ellos solitos, porque a la ley estatal que regula la forma de aplicar la famosa Tasa, cada ayuntamiento le a\u00f1ade lo que considera oportuno, simplemente aprobando en pleno un incremento del valor del suelo que sirve como base de c\u00e1lculo (ver recibo del IBI). Para muestra un bot\u00f3n: el Ayuntamiento de Alcorc\u00f3n acaba de revisar al alza el valor de suelo del municipio durante el pasado mes de diciembre, es decir, cuando la vivienda baja en todo el pa\u00eds, en Alcorc\u00f3n, seg\u00fan el ayuntamiento, sube (y ag\u00e1rrense porque\u201cla subida\u201d no ha sido menor, si no de una media del 50%, ah\u00ed queda eso). \u00a1Ah! y no importa que la vivienda se vendiera por menos de lo que cost\u00f3, porque esta increible tasa es independiente del precio de venta y se multiplica por cada a\u00f1o que hayamos sido titulares de la vivienda. <\/p>\n<p>Y paro aqu\u00ed porque podr\u00eda seguir con el impuesto de sucesiones (herencias) y el de donaciones que al menos en la comunidad de Madrid est\u00e1n bonificados en determinados casos.<\/p>\n<p>CONCLUSI\u00d3N: en un momento donde muchas voces hablan del necesario cambio del modelo productivo, yo a\u00f1ado que tambi\u00e9n <strong>es m\u00e1s que necesario un nuevo modelo de financiaci\u00f3n de las diferentes administraciones p\u00fablicas, m\u00e1s justo y equitativo, que favorezca y no grave, como hasta ahora, el dinamismo de la econom\u00eda<\/strong> as\u00ed como, lo que es m\u00e1s doloroso, directamente el bolsillo del ciudadano. Y digo yo, qui\u00e9n est\u00e1 al servicio de qui\u00e9n, las leyes al servicio del ciudadano o al rev\u00e9s, y todo ello para que al final llegue el \u201cFrancisco Correa\u201d de turno, se acabe apropiando del dinero de todos y adem\u00e1s le compre un traje o un cochecito al edil que pasaba por all\u00ed.<\/p>\n","protected":false},"excerpt":{"rendered":"<p>Cuando me pongo a escribir este post, me surgen dudas sobre como sintetizarlo y no aburrir, ya que quiero expresar [&hellip;]<\/p>\n","protected":false},"author":1,"featured_media":0,"comment_status":"open","ping_status":"open","sticky":false,"template":"","format":"standard","meta":{"site-sidebar-layout":"default","site-content-layout":"","ast-site-content-layout":"default","site-content-style":"default","site-sidebar-style":"default","ast-global-header-display":"","ast-banner-title-visibility":"","ast-main-header-display":"","ast-hfb-above-header-display":"","ast-hfb-below-header-display":"","ast-hfb-mobile-header-display":"","site-post-title":"","ast-breadcrumbs-content":"","ast-featured-img":"","footer-sml-layout":"","theme-transparent-header-meta":"","adv-header-id-meta":"","stick-header-meta":"","header-above-stick-meta":"","header-main-stick-meta":"","header-below-stick-meta":"","astra-migrate-meta-layouts":"default","ast-page-background-enabled":"default","ast-page-background-meta":{"desktop":{"background-color":"var(--ast-global-color-4)","background-image":"","background-repeat":"repeat","background-position":"center center","background-size":"auto","background-attachment":"scroll","background-type":"","background-media":"","overlay-type":"","overlay-color":"","overlay-opacity":"","overlay-gradient":""},"tablet":{"background-color":"","background-image":"","background-repeat":"repeat","background-position":"center center","background-size":"auto","background-attachment":"scroll","background-type":"","background-media":"","overlay-type":"","overlay-color":"","overlay-opacity":"","overlay-gradient":""},"mobile":{"background-color":"","background-image":"","background-repeat":"repeat","background-position":"center center","background-size":"auto","background-attachment":"scroll","background-type":"","background-media":"","overlay-type":"","overlay-color":"","overlay-opacity":"","overlay-gradient":""}},"ast-content-background-meta":{"desktop":{"background-color":"var(--ast-global-color-5)","background-image":"","background-repeat":"repeat","background-position":"center center","background-size":"auto","background-attachment":"scroll","background-type":"","background-media":"","overlay-type":"","overlay-color":"","overlay-opacity":"","overlay-gradient":""},"tablet":{"background-color":"var(--ast-global-color-5)","background-image":"","background-repeat":"repeat","background-position":"center center","background-size":"auto","background-attachment":"scroll","background-type":"","background-media":"","overlay-type":"","overlay-color":"","overlay-opacity":"","overlay-gradient":""},"mobile":{"background-color":"var(--ast-global-color-5)","background-image":"","background-repeat":"repeat","background-position":"center center","background-size":"auto","background-attachment":"scroll","background-type":"","background-media":"","overlay-type":"","overlay-color":"","overlay-opacity":"","overlay-gradient":""}},"footnotes":""},"categories":[97],"tags":[],"class_list":["post-116","post","type-post","status-publish","format-standard","hentry","category-impuestos"],"yoast_head":"<!-- This site is optimized with the Yoast SEO plugin v27.5 - https:\/\/yoast.com\/product\/yoast-seo-wordpress\/ -->\n<title>El mercado inmobiario y los impuestos -<\/title>\n<meta name=\"robots\" content=\"index, follow, max-snippet:-1, max-image-preview:large, max-video-preview:-1\" \/>\n<link rel=\"canonical\" href=\"https:\/\/www.nuevomilenio-inmo.com\/blog\/el-mercado-inmobiario-y-los-impuestos\/\" \/>\n<meta property=\"og:locale\" content=\"es_ES\" \/>\n<meta property=\"og:type\" content=\"article\" \/>\n<meta property=\"og:title\" content=\"El mercado inmobiario y los impuestos -\" \/>\n<meta property=\"og:description\" content=\"Cuando me pongo a escribir este post, me surgen dudas sobre como sintetizarlo y no aburrir, ya que quiero expresar [&hellip;]\" \/>\n<meta property=\"og:url\" content=\"https:\/\/www.nuevomilenio-inmo.com\/blog\/el-mercado-inmobiario-y-los-impuestos\/\" \/>\n<meta property=\"article:publisher\" content=\"https:\/\/www.facebook.com\/nuevomilenioinmo\/\" \/>\n<meta property=\"article:author\" content=\"https:\/\/www.facebook.com\/nuevomilenioinmo\/\" \/>\n<meta property=\"article:published_time\" content=\"2009-04-10T17:28:00+00:00\" \/>\n<meta name=\"author\" content=\"milenio\" \/>\n<meta name=\"twitter:card\" content=\"summary_large_image\" \/>\n<meta name=\"twitter:creator\" content=\"@milenioinmo\" \/>\n<meta name=\"twitter:site\" content=\"@milenioinmo\" \/>\n<meta name=\"twitter:label1\" content=\"Escrito por\" \/>\n\t<meta name=\"twitter:data1\" content=\"milenio\" \/>\n\t<meta name=\"twitter:label2\" content=\"Tiempo de lectura\" \/>\n\t<meta name=\"twitter:data2\" content=\"4 minutos\" \/>\n<script type=\"application\/ld+json\" class=\"yoast-schema-graph\">{\"@context\":\"https:\\\/\\\/schema.org\",\"@graph\":[{\"@type\":\"Article\",\"@id\":\"https:\\\/\\\/www.nuevomilenio-inmo.com\\\/blog\\\/el-mercado-inmobiario-y-los-impuestos\\\/#article\",\"isPartOf\":{\"@id\":\"https:\\\/\\\/www.nuevomilenio-inmo.com\\\/blog\\\/el-mercado-inmobiario-y-los-impuestos\\\/\"},\"author\":{\"name\":\"milenio\",\"@id\":\"https:\\\/\\\/www.nuevomilenio-inmo.com\\\/blog\\\/#\\\/schema\\\/person\\\/02a2314099283198817f5893070c4148\"},\"headline\":\"El mercado inmobiario y los impuestos\",\"datePublished\":\"2009-04-10T17:28:00+00:00\",\"mainEntityOfPage\":{\"@id\":\"https:\\\/\\\/www.nuevomilenio-inmo.com\\\/blog\\\/el-mercado-inmobiario-y-los-impuestos\\\/\"},\"wordCount\":723,\"commentCount\":0,\"publisher\":{\"@id\":\"https:\\\/\\\/www.nuevomilenio-inmo.com\\\/blog\\\/#organization\"},\"articleSection\":[\"Impuestos\"],\"inLanguage\":\"es\",\"potentialAction\":[{\"@type\":\"CommentAction\",\"name\":\"Comment\",\"target\":[\"https:\\\/\\\/www.nuevomilenio-inmo.com\\\/blog\\\/el-mercado-inmobiario-y-los-impuestos\\\/#respond\"]}]},{\"@type\":\"WebPage\",\"@id\":\"https:\\\/\\\/www.nuevomilenio-inmo.com\\\/blog\\\/el-mercado-inmobiario-y-los-impuestos\\\/\",\"url\":\"https:\\\/\\\/www.nuevomilenio-inmo.com\\\/blog\\\/el-mercado-inmobiario-y-los-impuestos\\\/\",\"name\":\"El mercado inmobiario y los impuestos -\",\"isPartOf\":{\"@id\":\"https:\\\/\\\/www.nuevomilenio-inmo.com\\\/blog\\\/#website\"},\"datePublished\":\"2009-04-10T17:28:00+00:00\",\"breadcrumb\":{\"@id\":\"https:\\\/\\\/www.nuevomilenio-inmo.com\\\/blog\\\/el-mercado-inmobiario-y-los-impuestos\\\/#breadcrumb\"},\"inLanguage\":\"es\",\"potentialAction\":[{\"@type\":\"ReadAction\",\"target\":[\"https:\\\/\\\/www.nuevomilenio-inmo.com\\\/blog\\\/el-mercado-inmobiario-y-los-impuestos\\\/\"]}]},{\"@type\":\"BreadcrumbList\",\"@id\":\"https:\\\/\\\/www.nuevomilenio-inmo.com\\\/blog\\\/el-mercado-inmobiario-y-los-impuestos\\\/#breadcrumb\",\"itemListElement\":[{\"@type\":\"ListItem\",\"position\":1,\"name\":\"Portada\",\"item\":\"https:\\\/\\\/www.nuevomilenio-inmo.com\\\/blog\\\/\"},{\"@type\":\"ListItem\",\"position\":2,\"name\":\"El mercado inmobiario y los impuestos\"}]},{\"@type\":\"WebSite\",\"@id\":\"https:\\\/\\\/www.nuevomilenio-inmo.com\\\/blog\\\/#website\",\"url\":\"https:\\\/\\\/www.nuevomilenio-inmo.com\\\/blog\\\/\",\"name\":\"Blog de Nuevo Milenio\",\"description\":\"\",\"publisher\":{\"@id\":\"https:\\\/\\\/www.nuevomilenio-inmo.com\\\/blog\\\/#organization\"},\"potentialAction\":[{\"@type\":\"SearchAction\",\"target\":{\"@type\":\"EntryPoint\",\"urlTemplate\":\"https:\\\/\\\/www.nuevomilenio-inmo.com\\\/blog\\\/?s={search_term_string}\"},\"query-input\":{\"@type\":\"PropertyValueSpecification\",\"valueRequired\":true,\"valueName\":\"search_term_string\"}}],\"inLanguage\":\"es\"},{\"@type\":\"Organization\",\"@id\":\"https:\\\/\\\/www.nuevomilenio-inmo.com\\\/blog\\\/#organization\",\"name\":\"Nuevo Milenio Inmobiliaria\",\"url\":\"https:\\\/\\\/www.nuevomilenio-inmo.com\\\/blog\\\/\",\"logo\":{\"@type\":\"ImageObject\",\"inLanguage\":\"es\",\"@id\":\"https:\\\/\\\/www.nuevomilenio-inmo.com\\\/blog\\\/#\\\/schema\\\/logo\\\/image\\\/\",\"url\":\"https:\\\/\\\/www.nuevomilenio-inmo.com\\\/blog\\\/wp-content\\\/uploads\\\/2017\\\/12\\\/cropped-cropped-Logo-NM-2016.jpg\",\"contentUrl\":\"https:\\\/\\\/www.nuevomilenio-inmo.com\\\/blog\\\/wp-content\\\/uploads\\\/2017\\\/12\\\/cropped-cropped-Logo-NM-2016.jpg\",\"width\":878,\"height\":169,\"caption\":\"Nuevo Milenio Inmobiliaria\"},\"image\":{\"@id\":\"https:\\\/\\\/www.nuevomilenio-inmo.com\\\/blog\\\/#\\\/schema\\\/logo\\\/image\\\/\"},\"sameAs\":[\"https:\\\/\\\/www.facebook.com\\\/nuevomilenioinmo\\\/\",\"https:\\\/\\\/x.com\\\/milenioinmo\"]},{\"@type\":\"Person\",\"@id\":\"https:\\\/\\\/www.nuevomilenio-inmo.com\\\/blog\\\/#\\\/schema\\\/person\\\/02a2314099283198817f5893070c4148\",\"name\":\"milenio\",\"image\":{\"@type\":\"ImageObject\",\"inLanguage\":\"es\",\"@id\":\"https:\\\/\\\/secure.gravatar.com\\\/avatar\\\/752b096831d3fe90fde96eb5b0d1174d5e05b434a068c36526ad2198667a6eb0?s=96&d=mm&r=g\",\"url\":\"https:\\\/\\\/secure.gravatar.com\\\/avatar\\\/752b096831d3fe90fde96eb5b0d1174d5e05b434a068c36526ad2198667a6eb0?s=96&d=mm&r=g\",\"contentUrl\":\"https:\\\/\\\/secure.gravatar.com\\\/avatar\\\/752b096831d3fe90fde96eb5b0d1174d5e05b434a068c36526ad2198667a6eb0?s=96&d=mm&r=g\",\"caption\":\"milenio\"},\"sameAs\":[\"https:\\\/\\\/www.facebook.com\\\/nuevomilenioinmo\\\/\",\"https:\\\/\\\/x.com\\\/milenioinmo\"]}]}<\/script>\n<!-- \/ Yoast SEO plugin. -->","yoast_head_json":{"title":"El mercado inmobiario y los impuestos -","robots":{"index":"index","follow":"follow","max-snippet":"max-snippet:-1","max-image-preview":"max-image-preview:large","max-video-preview":"max-video-preview:-1"},"canonical":"https:\/\/www.nuevomilenio-inmo.com\/blog\/el-mercado-inmobiario-y-los-impuestos\/","og_locale":"es_ES","og_type":"article","og_title":"El mercado inmobiario y los impuestos -","og_description":"Cuando me pongo a escribir este post, me surgen dudas sobre como sintetizarlo y no aburrir, ya que quiero expresar [&hellip;]","og_url":"https:\/\/www.nuevomilenio-inmo.com\/blog\/el-mercado-inmobiario-y-los-impuestos\/","article_publisher":"https:\/\/www.facebook.com\/nuevomilenioinmo\/","article_author":"https:\/\/www.facebook.com\/nuevomilenioinmo\/","article_published_time":"2009-04-10T17:28:00+00:00","author":"milenio","twitter_card":"summary_large_image","twitter_creator":"@milenioinmo","twitter_site":"@milenioinmo","twitter_misc":{"Escrito por":"milenio","Tiempo de lectura":"4 minutos"},"schema":{"@context":"https:\/\/schema.org","@graph":[{"@type":"Article","@id":"https:\/\/www.nuevomilenio-inmo.com\/blog\/el-mercado-inmobiario-y-los-impuestos\/#article","isPartOf":{"@id":"https:\/\/www.nuevomilenio-inmo.com\/blog\/el-mercado-inmobiario-y-los-impuestos\/"},"author":{"name":"milenio","@id":"https:\/\/www.nuevomilenio-inmo.com\/blog\/#\/schema\/person\/02a2314099283198817f5893070c4148"},"headline":"El mercado inmobiario y los impuestos","datePublished":"2009-04-10T17:28:00+00:00","mainEntityOfPage":{"@id":"https:\/\/www.nuevomilenio-inmo.com\/blog\/el-mercado-inmobiario-y-los-impuestos\/"},"wordCount":723,"commentCount":0,"publisher":{"@id":"https:\/\/www.nuevomilenio-inmo.com\/blog\/#organization"},"articleSection":["Impuestos"],"inLanguage":"es","potentialAction":[{"@type":"CommentAction","name":"Comment","target":["https:\/\/www.nuevomilenio-inmo.com\/blog\/el-mercado-inmobiario-y-los-impuestos\/#respond"]}]},{"@type":"WebPage","@id":"https:\/\/www.nuevomilenio-inmo.com\/blog\/el-mercado-inmobiario-y-los-impuestos\/","url":"https:\/\/www.nuevomilenio-inmo.com\/blog\/el-mercado-inmobiario-y-los-impuestos\/","name":"El mercado inmobiario y los impuestos -","isPartOf":{"@id":"https:\/\/www.nuevomilenio-inmo.com\/blog\/#website"},"datePublished":"2009-04-10T17:28:00+00:00","breadcrumb":{"@id":"https:\/\/www.nuevomilenio-inmo.com\/blog\/el-mercado-inmobiario-y-los-impuestos\/#breadcrumb"},"inLanguage":"es","potentialAction":[{"@type":"ReadAction","target":["https:\/\/www.nuevomilenio-inmo.com\/blog\/el-mercado-inmobiario-y-los-impuestos\/"]}]},{"@type":"BreadcrumbList","@id":"https:\/\/www.nuevomilenio-inmo.com\/blog\/el-mercado-inmobiario-y-los-impuestos\/#breadcrumb","itemListElement":[{"@type":"ListItem","position":1,"name":"Portada","item":"https:\/\/www.nuevomilenio-inmo.com\/blog\/"},{"@type":"ListItem","position":2,"name":"El mercado inmobiario y los impuestos"}]},{"@type":"WebSite","@id":"https:\/\/www.nuevomilenio-inmo.com\/blog\/#website","url":"https:\/\/www.nuevomilenio-inmo.com\/blog\/","name":"Blog de Nuevo Milenio","description":"","publisher":{"@id":"https:\/\/www.nuevomilenio-inmo.com\/blog\/#organization"},"potentialAction":[{"@type":"SearchAction","target":{"@type":"EntryPoint","urlTemplate":"https:\/\/www.nuevomilenio-inmo.com\/blog\/?s={search_term_string}"},"query-input":{"@type":"PropertyValueSpecification","valueRequired":true,"valueName":"search_term_string"}}],"inLanguage":"es"},{"@type":"Organization","@id":"https:\/\/www.nuevomilenio-inmo.com\/blog\/#organization","name":"Nuevo Milenio Inmobiliaria","url":"https:\/\/www.nuevomilenio-inmo.com\/blog\/","logo":{"@type":"ImageObject","inLanguage":"es","@id":"https:\/\/www.nuevomilenio-inmo.com\/blog\/#\/schema\/logo\/image\/","url":"https:\/\/www.nuevomilenio-inmo.com\/blog\/wp-content\/uploads\/2017\/12\/cropped-cropped-Logo-NM-2016.jpg","contentUrl":"https:\/\/www.nuevomilenio-inmo.com\/blog\/wp-content\/uploads\/2017\/12\/cropped-cropped-Logo-NM-2016.jpg","width":878,"height":169,"caption":"Nuevo Milenio Inmobiliaria"},"image":{"@id":"https:\/\/www.nuevomilenio-inmo.com\/blog\/#\/schema\/logo\/image\/"},"sameAs":["https:\/\/www.facebook.com\/nuevomilenioinmo\/","https:\/\/x.com\/milenioinmo"]},{"@type":"Person","@id":"https:\/\/www.nuevomilenio-inmo.com\/blog\/#\/schema\/person\/02a2314099283198817f5893070c4148","name":"milenio","image":{"@type":"ImageObject","inLanguage":"es","@id":"https:\/\/secure.gravatar.com\/avatar\/752b096831d3fe90fde96eb5b0d1174d5e05b434a068c36526ad2198667a6eb0?s=96&d=mm&r=g","url":"https:\/\/secure.gravatar.com\/avatar\/752b096831d3fe90fde96eb5b0d1174d5e05b434a068c36526ad2198667a6eb0?s=96&d=mm&r=g","contentUrl":"https:\/\/secure.gravatar.com\/avatar\/752b096831d3fe90fde96eb5b0d1174d5e05b434a068c36526ad2198667a6eb0?s=96&d=mm&r=g","caption":"milenio"},"sameAs":["https:\/\/www.facebook.com\/nuevomilenioinmo\/","https:\/\/x.com\/milenioinmo"]}]}},"_links":{"self":[{"href":"https:\/\/www.nuevomilenio-inmo.com\/blog\/wp-json\/wp\/v2\/posts\/116","targetHints":{"allow":["GET"]}}],"collection":[{"href":"https:\/\/www.nuevomilenio-inmo.com\/blog\/wp-json\/wp\/v2\/posts"}],"about":[{"href":"https:\/\/www.nuevomilenio-inmo.com\/blog\/wp-json\/wp\/v2\/types\/post"}],"author":[{"embeddable":true,"href":"https:\/\/www.nuevomilenio-inmo.com\/blog\/wp-json\/wp\/v2\/users\/1"}],"replies":[{"embeddable":true,"href":"https:\/\/www.nuevomilenio-inmo.com\/blog\/wp-json\/wp\/v2\/comments?post=116"}],"version-history":[{"count":0,"href":"https:\/\/www.nuevomilenio-inmo.com\/blog\/wp-json\/wp\/v2\/posts\/116\/revisions"}],"wp:attachment":[{"href":"https:\/\/www.nuevomilenio-inmo.com\/blog\/wp-json\/wp\/v2\/media?parent=116"}],"wp:term":[{"taxonomy":"category","embeddable":true,"href":"https:\/\/www.nuevomilenio-inmo.com\/blog\/wp-json\/wp\/v2\/categories?post=116"},{"taxonomy":"post_tag","embeddable":true,"href":"https:\/\/www.nuevomilenio-inmo.com\/blog\/wp-json\/wp\/v2\/tags?post=116"}],"curies":[{"name":"wp","href":"https:\/\/api.w.org\/{rel}","templated":true}]}}