{"id":1051,"date":"2020-04-13T22:10:02","date_gmt":"2020-04-13T22:10:02","guid":{"rendered":"https:\/\/www.nuevomilenio-inmo.com\/blog\/?p=1051"},"modified":"2020-04-13T22:10:02","modified_gmt":"2020-04-13T22:10:02","slug":"nuevas-ayudas-alquiler-consecuencia-la-crisis-del-covid-19","status":"publish","type":"post","link":"https:\/\/www.nuevomilenio-inmo.com\/blog\/nuevas-ayudas-alquiler-consecuencia-la-crisis-del-covid-19\/","title":{"rendered":"Nuevas ayudas para el alquiler como consecuencia de la crisis del COVID-19"},"content":{"rendered":"<p>El pasado d\u00eda 11 de abril el Gobierno public\u00f3 en el BOE la Orden TMA\/336\/2020, de 9 de abril, por la que se incorpora, sustituye y modifican sendos programas de ayuda del Plan Estatal de Vivienda 2018-2021, en cumplimiento de lo dispuesto en los art\u00edculos 10, 11 y 12 del <a href=\"https:\/\/www.boe.es\/diario_boe\/txt.php?id=BOE-A-2020-4208\">Real Decreto-ley 11\/2020, de 31 de marzo<\/a>, por el que se adoptan medidas urgentes complementarias en el \u00e1mbito social y econ\u00f3mico para hacer frente al COVID-19.<\/p>\n<p>El objetivo del Gobierno es sumar nuevas acciones encaminadas a mejorar o ampliar <a href=\"https:\/\/www.nuevomilenio-inmo.com\/blog\/medidas-del-gobierno-alquiler-crisis-covid-rd-112020-31-marzo\/\">las ayudas ya existentes<\/a>, con el objetivo de que lleguen antes y mejor a las personas en situaci\u00f3n de vulnerabilidad, que se han incrementado como consecuencia de la actual crisis del COVID-19.<\/p>\n<p><strong>Estas acciones<\/strong> <strong>tienen por objeto la concesi\u00f3n de ayudas al alquiler, mediante adjudicaci\u00f3n directa, <\/strong>a las personas arrendatarias de vivienda habitual que, como consecuencia del impacto econ\u00f3mico y social del COVID\u201319 tengan problemas transitorios para atender al pago parcial o total del alquiler. A continuaci\u00f3n se detallan las principales caracter\u00edsticas del programa, que afectan a las personas que actualmente dispongan de un contrato de arrendamiento de vivienda en vigor.<\/p>\n<p><strong><u>Objeto del Programa<\/u><\/strong><\/p>\n<p>El programa incluye en su objeto la concesi\u00f3n de ayudas para hacer frente a la devoluci\u00f3n de las ayudas transitorias de financiaci\u00f3n recogidas en el art\u00edculo 9 del Real Decreto-ley 11\/2020, por el que se adoptan medidas urgentes complementarias en el \u00e1mbito social y econ\u00f3mico para hacer frente al COVID-19 y contra\u00eddas por arrendatarios de vivienda habitual, a cuya devoluci\u00f3n no pudieran hacer frente.<\/p>\n<p>Las ayudas tendr\u00e1n car\u00e1cter finalista, y por tanto no podr\u00e1n aplicarse a otro destino que el pago de la renta del alquiler, o la cancelaci\u00f3n, total o parcial, de las ayudas transitorias de financiaci\u00f3n reguladas en el art\u00edculo 9 del Real Decreto-ley 11\/2020.<\/p>\n<p><strong><u>Beneficiarios<\/u><\/strong><\/p>\n<p>Podr\u00e1n beneficiarse de las ayudas de este programa las personas f\u00edsicas que, en su condici\u00f3n de arrendatarios de vivienda habitual, acrediten estar en situaci\u00f3n de vulnerabilidad econ\u00f3mica y social sobrevenida a consecuencia del COVID-19.<\/p>\n<p>Las Comunidades y ciudades Aut\u00f3nomas determinar\u00e1n los supuestos de \u00absituaci\u00f3n de vulnerabilidad econ\u00f3mica y social sobrevenida a consecuencia del COVID-19\u00bb que posibilitar\u00e1n adquirir la condici\u00f3n de beneficiarios de las ayudas de este programa, que incluir\u00e1n en todo caso, y como m\u00ednimo, los definidos en el art\u00edculo 5 del Real Decreto-ley 11\/2020, con los l\u00edmites del apartado 3 del citado precepto legal, as\u00ed como los medios a trav\u00e9s de los cuales podr\u00e1n acreditarse, que incluir\u00e1n en todo caso y tambi\u00e9n como m\u00ednimo los establecidos por el art\u00edculo 6 del citado Real Decreto-ley.<\/p>\n<p>Los beneficiarios deber\u00e1n acreditar, adem\u00e1s:<\/p>\n<ol>\n<li>a) Que la persona arrendataria o cualquiera de las que tengan su domicilio habitual y permanente en la vivienda arrendada no tenga parentesco en primer o segundo grado de consanguinidad o de afinidad con la persona que tenga la condici\u00f3n de arrendador de la vivienda.<\/li>\n<li>b) Que la persona arrendataria o cualquiera de las que tengan su domicilio habitual y permanente en la vivienda arrendada no sea socia o part\u00edcipe de la persona f\u00edsica o jur\u00eddica que act\u00fae como arrendadora.<\/li>\n<\/ol>\n<p>No podr\u00e1n obtener la condici\u00f3n de personas beneficiarias de estas ayudas quienes incurran en alguna de las circunstancias previstas en el art\u00edculo 13 de la Ley 38\/2003, de 17 de diciembre, General de Subvenciones.<\/p>\n<p><strong><u>Solicitud de la ayuda<\/u><\/strong><\/p>\n<p>La ayuda habr\u00e1 de ser solicitada por la persona arrendataria a la comunidad aut\u00f3noma o a la ciudad de Ceuta o de Melilla correspondiente, <strong>como m\u00e1ximo hasta el 30 de septiembre de 2020.<\/strong><\/p>\n<p>Las Comunidades Aut\u00f3nomas y las ciudades de Ceuta y Melilla concretar\u00e1n el plazo y forma de presentaci\u00f3n de solicitudes, mediante resoluci\u00f3n o acuerdo, que ser\u00e1 objeto de publicidad, a la mayor brevedad posible.<\/p>\n<p>La solicitud deber\u00e1 ir acompa\u00f1ada, en todo caso, de <strong>copia completa del contrato de arrendamiento en vigor, con inclusi\u00f3n expresa del medio y forma de pago a la persona arrendadora, y de la acreditaci\u00f3n del pago de las \u00faltimas tres mensualidades<\/strong>, salvo que el contrato tuviera una vigencia de menor plazo, en cuyo caso se acreditar\u00e1 el pago desde el inicio del contrato. <strong>Esta documentaci\u00f3n ha de ser suficiente para que, en su caso, la ayuda pueda ser pagada de forma directa al arrendador por cuenta del arrendatario.<\/strong><\/p>\n<p><strong><u>Cuant\u00eda de la ayuda y plazo de la ayuda<\/u><\/strong><\/p>\n<p><strong>La cuant\u00eda de la ayuda podr\u00e1 llegar hasta un importe m\u00e1ximo de 900 euros al mes y del 100% de la renta arrendaticia.<\/strong> Se podr\u00e1 conceder por un plazo de hasta 6 meses, pudiendo incluirse como primera mensualidad la correspondiente al mes de abril de 2020.<\/p>\n<p><strong>En el supuesto de haber accedido a las ayudas transitorias de financiaci\u00f3n<\/strong> recogidas en el art\u00edculo 9 del Real Decreto-ley 11\/2020 la ayuda podr\u00e1 llegar hasta un importe m\u00e1ximo de 5.400 euros con la que se satisfar\u00e1 total o parcialmente el pago de la renta de la vivienda habitual.<\/p>\n<p><strong>Ser\u00e1n los \u00f3rganos competentes de cada comunidad aut\u00f3noma y de las ciudades de Ceuta y de Melilla los que determinen la cuant\u00eda exacta de estas ayudas<\/strong>, dentro de los l\u00edmites establecidos para este programa, para lo que podr\u00e1n establecer los medios necesarios para que la concesi\u00f3n de las ayudas se produzca teniendo en cuenta el grado de vulnerabilidad de los solicitantes.<\/p>\n<p><strong><u>Pago de la ayuda<\/u><\/strong><\/p>\n<p>Una vez resuelta la concesi\u00f3n de la ayuda y verificado el cumplimiento de los requisitos y condiciones necesarios para su pago, ser\u00e1 el \u00f3rgano auton\u00f3mico competente correspondiente quien proceda a dicho pago al beneficiario.<\/p>\n<p>No obstante lo anterior, podr\u00e1 acordarse que el pago se realice directamente al arrendador por cuenta del arrendatario en el supuesto de que no se hubiera satisfecho el pago del alquiler por el arrendatario, salvo que se haya suscrito un pr\u00e9stamo mediante las ayudas transitorias de financiaci\u00f3n reguladas en el art\u00edculo 9 del Real Decreto-ley 11\/2020 y el per\u00edodo de las mensualidades y las cuant\u00edas cubiertas fueran coincidentes.<\/p>\n<p><strong>En todo caso, cuando se haya concedido un pr\u00e9stamo mediante las ayudas transitorias de financiaci\u00f3n reguladas en el art\u00edculo 9 del Real Decreto-ley 11\/2020 la cuant\u00eda de la ayuda concedida deber\u00e1 destinarse a la amortizaci\u00f3n del pr\u00e9stamo.<\/strong> \u00danicamente cuando se haya cancelado la totalidad del pr\u00e9stamo, siendo el importe de \u00e9ste inferior al de la ayuda concedida en aplicaci\u00f3n de este programa, podr\u00e1 destinarse a cubrir el pago de nuevas mensualidades de renta o de importes superiores de la misma hasta alcanzar el total de la ayuda recibida.<\/p>\n<p>La ayuda se pagar\u00e1 de una sola vez o por partes, mediante abonos con la periodicidad e importes que defina cada comunidad aut\u00f3noma.<\/p>\n<p><strong><u>Compatibilidad de la ayuda<\/u><\/strong><\/p>\n<p>La ayuda de este programa, con independencia de que se haya suscrito o no un pr\u00e9stamo mediante las ayudas transitorias de financiaci\u00f3n reguladas en el art\u00edculo 9 del Real Decreto-ley 11\/2020, <strong>es compatible con cualquier otra ayuda al alquiler que viniere percibiendo la persona arrendataria, incluso si fuera con cargo al propio Plan Estatal de Vivienda 2018-2021, siempre y cuando el total de las ayudas no supere el 100% del importe del alquiler del mismo per\u00edodo.<\/strong> En caso de superarlo, si la ayuda correspondiente a este programa fuese concedida, se reducir\u00e1 en la cuant\u00eda necesaria hasta cumplir con dicho l\u00edmite.<\/p>\n","protected":false},"excerpt":{"rendered":"<p>El pasado d\u00eda 11 de abril el Gobierno public\u00f3 en el BOE la Orden TMA\/336\/2020, de 9 de abril, por [&hellip;]<\/p>\n","protected":false},"author":1,"featured_media":0,"comment_status":"open","ping_status":"open","sticky":false,"template":"","format":"standard","meta":{"site-sidebar-layout":"default","site-content-layout":"","ast-site-content-layout":"default","site-content-style":"default","site-sidebar-style":"default","ast-global-header-display":"","ast-banner-title-visibility":"","ast-main-header-display":"","ast-hfb-above-header-display":"","ast-hfb-below-header-display":"","ast-hfb-mobile-header-display":"","site-post-title":"","ast-breadcrumbs-content":"","ast-featured-img":"","footer-sml-layout":"","theme-transparent-header-meta":"","adv-header-id-meta":"","stick-header-meta":"","header-above-stick-meta":"","header-main-stick-meta":"","header-below-stick-meta":"","astra-migrate-meta-layouts":"default","ast-page-background-enabled":"default","ast-page-background-meta":{"desktop":{"background-color":"var(--ast-global-color-4)","background-image":"","background-repeat":"repeat","background-position":"center center","background-size":"auto","background-attachment":"scroll","background-type":"","background-media":"","overlay-type":"","overlay-color":"","overlay-opacity":"","overlay-gradient":""},"tablet":{"background-color":"","background-image":"","background-repeat":"repeat","background-position":"center center","background-size":"auto","background-attachment":"scroll","background-type":"","background-media":"","overlay-type":"","overlay-color":"","overlay-opacity":"","overlay-gradient":""},"mobile":{"background-color":"","background-image":"","background-repeat":"repeat","background-position":"center center","background-size":"auto","background-attachment":"scroll","background-type":"","background-media":"","overlay-type":"","overlay-color":"","overlay-opacity":"","overlay-gradient":""}},"ast-content-background-meta":{"desktop":{"background-color":"var(--ast-global-color-5)","background-image":"","background-repeat":"repeat","background-position":"center center","background-size":"auto","background-attachment":"scroll","background-type":"","background-media":"","overlay-type":"","overlay-color":"","overlay-opacity":"","overlay-gradient":""},"tablet":{"background-color":"var(--ast-global-color-5)","background-image":"","background-repeat":"repeat","background-position":"center center","background-size":"auto","background-attachment":"scroll","background-type":"","background-media":"","overlay-type":"","overlay-color":"","overlay-opacity":"","overlay-gradient":""},"mobile":{"background-color":"var(--ast-global-color-5)","background-image":"","background-repeat":"repeat","background-position":"center center","background-size":"auto","background-attachment":"scroll","background-type":"","background-media":"","overlay-type":"","overlay-color":"","overlay-opacity":"","overlay-gradient":""}},"footnotes":""},"categories":[195,196],"tags":[286,353,351,354],"class_list":["post-1051","post","type-post","status-publish","format-standard","hentry","category-arrendadores","category-inquilinos","tag-alquiler","tag-ayudas","tag-covid","tag-inquilinos"],"yoast_head":"<!-- This site is optimized with the Yoast SEO plugin v27.5 - https:\/\/yoast.com\/product\/yoast-seo-wordpress\/ -->\n<title>Nuevas ayudas para el alquiler como consecuencia de la crisis del COVID-19 -<\/title>\n<meta name=\"robots\" content=\"index, follow, max-snippet:-1, max-image-preview:large, max-video-preview:-1\" \/>\n<link rel=\"canonical\" href=\"https:\/\/www.nuevomilenio-inmo.com\/blog\/nuevas-ayudas-alquiler-consecuencia-la-crisis-del-covid-19\/\" \/>\n<meta property=\"og:locale\" content=\"es_ES\" \/>\n<meta property=\"og:type\" content=\"article\" \/>\n<meta property=\"og:title\" content=\"Nuevas ayudas para el alquiler como consecuencia de la crisis del COVID-19 -\" \/>\n<meta property=\"og:description\" content=\"El pasado d\u00eda 11 de abril el Gobierno public\u00f3 en el BOE la Orden TMA\/336\/2020, de 9 de abril, por [&hellip;]\" \/>\n<meta property=\"og:url\" content=\"https:\/\/www.nuevomilenio-inmo.com\/blog\/nuevas-ayudas-alquiler-consecuencia-la-crisis-del-covid-19\/\" \/>\n<meta property=\"article:publisher\" content=\"https:\/\/www.facebook.com\/nuevomilenioinmo\/\" \/>\n<meta property=\"article:author\" content=\"https:\/\/www.facebook.com\/nuevomilenioinmo\/\" \/>\n<meta property=\"article:published_time\" content=\"2020-04-13T22:10:02+00:00\" \/>\n<meta name=\"author\" content=\"milenio\" \/>\n<meta name=\"twitter:card\" content=\"summary_large_image\" \/>\n<meta name=\"twitter:creator\" content=\"@milenioinmo\" \/>\n<meta name=\"twitter:site\" content=\"@milenioinmo\" \/>\n<meta name=\"twitter:label1\" content=\"Escrito por\" \/>\n\t<meta name=\"twitter:data1\" content=\"milenio\" \/>\n\t<meta name=\"twitter:label2\" content=\"Tiempo de lectura\" \/>\n\t<meta name=\"twitter:data2\" content=\"6 minutos\" \/>\n<script type=\"application\/ld+json\" class=\"yoast-schema-graph\">{\"@context\":\"https:\\\/\\\/schema.org\",\"@graph\":[{\"@type\":\"Article\",\"@id\":\"https:\\\/\\\/www.nuevomilenio-inmo.com\\\/blog\\\/nuevas-ayudas-alquiler-consecuencia-la-crisis-del-covid-19\\\/#article\",\"isPartOf\":{\"@id\":\"https:\\\/\\\/www.nuevomilenio-inmo.com\\\/blog\\\/nuevas-ayudas-alquiler-consecuencia-la-crisis-del-covid-19\\\/\"},\"author\":{\"name\":\"milenio\",\"@id\":\"https:\\\/\\\/www.nuevomilenio-inmo.com\\\/blog\\\/#\\\/schema\\\/person\\\/02a2314099283198817f5893070c4148\"},\"headline\":\"Nuevas ayudas para el alquiler como consecuencia de la crisis del COVID-19\",\"datePublished\":\"2020-04-13T22:10:02+00:00\",\"mainEntityOfPage\":{\"@id\":\"https:\\\/\\\/www.nuevomilenio-inmo.com\\\/blog\\\/nuevas-ayudas-alquiler-consecuencia-la-crisis-del-covid-19\\\/\"},\"wordCount\":1264,\"commentCount\":0,\"publisher\":{\"@id\":\"https:\\\/\\\/www.nuevomilenio-inmo.com\\\/blog\\\/#organization\"},\"keywords\":[\"alquiler\",\"ayudas\",\"covid\",\"inquilinos\"],\"articleSection\":[\"Arrendadores\",\"Inquilinos\"],\"inLanguage\":\"es\",\"potentialAction\":[{\"@type\":\"CommentAction\",\"name\":\"Comment\",\"target\":[\"https:\\\/\\\/www.nuevomilenio-inmo.com\\\/blog\\\/nuevas-ayudas-alquiler-consecuencia-la-crisis-del-covid-19\\\/#respond\"]}]},{\"@type\":\"WebPage\",\"@id\":\"https:\\\/\\\/www.nuevomilenio-inmo.com\\\/blog\\\/nuevas-ayudas-alquiler-consecuencia-la-crisis-del-covid-19\\\/\",\"url\":\"https:\\\/\\\/www.nuevomilenio-inmo.com\\\/blog\\\/nuevas-ayudas-alquiler-consecuencia-la-crisis-del-covid-19\\\/\",\"name\":\"Nuevas ayudas para el alquiler como consecuencia de la crisis del COVID-19 -\",\"isPartOf\":{\"@id\":\"https:\\\/\\\/www.nuevomilenio-inmo.com\\\/blog\\\/#website\"},\"datePublished\":\"2020-04-13T22:10:02+00:00\",\"breadcrumb\":{\"@id\":\"https:\\\/\\\/www.nuevomilenio-inmo.com\\\/blog\\\/nuevas-ayudas-alquiler-consecuencia-la-crisis-del-covid-19\\\/#breadcrumb\"},\"inLanguage\":\"es\",\"potentialAction\":[{\"@type\":\"ReadAction\",\"target\":[\"https:\\\/\\\/www.nuevomilenio-inmo.com\\\/blog\\\/nuevas-ayudas-alquiler-consecuencia-la-crisis-del-covid-19\\\/\"]}]},{\"@type\":\"BreadcrumbList\",\"@id\":\"https:\\\/\\\/www.nuevomilenio-inmo.com\\\/blog\\\/nuevas-ayudas-alquiler-consecuencia-la-crisis-del-covid-19\\\/#breadcrumb\",\"itemListElement\":[{\"@type\":\"ListItem\",\"position\":1,\"name\":\"Portada\",\"item\":\"https:\\\/\\\/www.nuevomilenio-inmo.com\\\/blog\\\/\"},{\"@type\":\"ListItem\",\"position\":2,\"name\":\"Nuevas ayudas para el alquiler como consecuencia de la crisis del COVID-19\"}]},{\"@type\":\"WebSite\",\"@id\":\"https:\\\/\\\/www.nuevomilenio-inmo.com\\\/blog\\\/#website\",\"url\":\"https:\\\/\\\/www.nuevomilenio-inmo.com\\\/blog\\\/\",\"name\":\"Blog de Nuevo Milenio\",\"description\":\"\",\"publisher\":{\"@id\":\"https:\\\/\\\/www.nuevomilenio-inmo.com\\\/blog\\\/#organization\"},\"potentialAction\":[{\"@type\":\"SearchAction\",\"target\":{\"@type\":\"EntryPoint\",\"urlTemplate\":\"https:\\\/\\\/www.nuevomilenio-inmo.com\\\/blog\\\/?s={search_term_string}\"},\"query-input\":{\"@type\":\"PropertyValueSpecification\",\"valueRequired\":true,\"valueName\":\"search_term_string\"}}],\"inLanguage\":\"es\"},{\"@type\":\"Organization\",\"@id\":\"https:\\\/\\\/www.nuevomilenio-inmo.com\\\/blog\\\/#organization\",\"name\":\"Nuevo Milenio Inmobiliaria\",\"url\":\"https:\\\/\\\/www.nuevomilenio-inmo.com\\\/blog\\\/\",\"logo\":{\"@type\":\"ImageObject\",\"inLanguage\":\"es\",\"@id\":\"https:\\\/\\\/www.nuevomilenio-inmo.com\\\/blog\\\/#\\\/schema\\\/logo\\\/image\\\/\",\"url\":\"https:\\\/\\\/www.nuevomilenio-inmo.com\\\/blog\\\/wp-content\\\/uploads\\\/2017\\\/12\\\/cropped-cropped-Logo-NM-2016.jpg\",\"contentUrl\":\"https:\\\/\\\/www.nuevomilenio-inmo.com\\\/blog\\\/wp-content\\\/uploads\\\/2017\\\/12\\\/cropped-cropped-Logo-NM-2016.jpg\",\"width\":878,\"height\":169,\"caption\":\"Nuevo Milenio Inmobiliaria\"},\"image\":{\"@id\":\"https:\\\/\\\/www.nuevomilenio-inmo.com\\\/blog\\\/#\\\/schema\\\/logo\\\/image\\\/\"},\"sameAs\":[\"https:\\\/\\\/www.facebook.com\\\/nuevomilenioinmo\\\/\",\"https:\\\/\\\/x.com\\\/milenioinmo\"]},{\"@type\":\"Person\",\"@id\":\"https:\\\/\\\/www.nuevomilenio-inmo.com\\\/blog\\\/#\\\/schema\\\/person\\\/02a2314099283198817f5893070c4148\",\"name\":\"milenio\",\"image\":{\"@type\":\"ImageObject\",\"inLanguage\":\"es\",\"@id\":\"https:\\\/\\\/secure.gravatar.com\\\/avatar\\\/752b096831d3fe90fde96eb5b0d1174d5e05b434a068c36526ad2198667a6eb0?s=96&d=mm&r=g\",\"url\":\"https:\\\/\\\/secure.gravatar.com\\\/avatar\\\/752b096831d3fe90fde96eb5b0d1174d5e05b434a068c36526ad2198667a6eb0?s=96&d=mm&r=g\",\"contentUrl\":\"https:\\\/\\\/secure.gravatar.com\\\/avatar\\\/752b096831d3fe90fde96eb5b0d1174d5e05b434a068c36526ad2198667a6eb0?s=96&d=mm&r=g\",\"caption\":\"milenio\"},\"sameAs\":[\"https:\\\/\\\/www.facebook.com\\\/nuevomilenioinmo\\\/\",\"https:\\\/\\\/x.com\\\/milenioinmo\"]}]}<\/script>\n<!-- \/ Yoast SEO plugin. -->","yoast_head_json":{"title":"Nuevas ayudas para el alquiler como consecuencia de la crisis del COVID-19 -","robots":{"index":"index","follow":"follow","max-snippet":"max-snippet:-1","max-image-preview":"max-image-preview:large","max-video-preview":"max-video-preview:-1"},"canonical":"https:\/\/www.nuevomilenio-inmo.com\/blog\/nuevas-ayudas-alquiler-consecuencia-la-crisis-del-covid-19\/","og_locale":"es_ES","og_type":"article","og_title":"Nuevas ayudas para el alquiler como consecuencia de la crisis del COVID-19 -","og_description":"El pasado d\u00eda 11 de abril el Gobierno public\u00f3 en el BOE la Orden TMA\/336\/2020, de 9 de abril, por [&hellip;]","og_url":"https:\/\/www.nuevomilenio-inmo.com\/blog\/nuevas-ayudas-alquiler-consecuencia-la-crisis-del-covid-19\/","article_publisher":"https:\/\/www.facebook.com\/nuevomilenioinmo\/","article_author":"https:\/\/www.facebook.com\/nuevomilenioinmo\/","article_published_time":"2020-04-13T22:10:02+00:00","author":"milenio","twitter_card":"summary_large_image","twitter_creator":"@milenioinmo","twitter_site":"@milenioinmo","twitter_misc":{"Escrito por":"milenio","Tiempo de lectura":"6 minutos"},"schema":{"@context":"https:\/\/schema.org","@graph":[{"@type":"Article","@id":"https:\/\/www.nuevomilenio-inmo.com\/blog\/nuevas-ayudas-alquiler-consecuencia-la-crisis-del-covid-19\/#article","isPartOf":{"@id":"https:\/\/www.nuevomilenio-inmo.com\/blog\/nuevas-ayudas-alquiler-consecuencia-la-crisis-del-covid-19\/"},"author":{"name":"milenio","@id":"https:\/\/www.nuevomilenio-inmo.com\/blog\/#\/schema\/person\/02a2314099283198817f5893070c4148"},"headline":"Nuevas ayudas para el alquiler como consecuencia de la crisis del COVID-19","datePublished":"2020-04-13T22:10:02+00:00","mainEntityOfPage":{"@id":"https:\/\/www.nuevomilenio-inmo.com\/blog\/nuevas-ayudas-alquiler-consecuencia-la-crisis-del-covid-19\/"},"wordCount":1264,"commentCount":0,"publisher":{"@id":"https:\/\/www.nuevomilenio-inmo.com\/blog\/#organization"},"keywords":["alquiler","ayudas","covid","inquilinos"],"articleSection":["Arrendadores","Inquilinos"],"inLanguage":"es","potentialAction":[{"@type":"CommentAction","name":"Comment","target":["https:\/\/www.nuevomilenio-inmo.com\/blog\/nuevas-ayudas-alquiler-consecuencia-la-crisis-del-covid-19\/#respond"]}]},{"@type":"WebPage","@id":"https:\/\/www.nuevomilenio-inmo.com\/blog\/nuevas-ayudas-alquiler-consecuencia-la-crisis-del-covid-19\/","url":"https:\/\/www.nuevomilenio-inmo.com\/blog\/nuevas-ayudas-alquiler-consecuencia-la-crisis-del-covid-19\/","name":"Nuevas ayudas para el alquiler como consecuencia de la crisis del COVID-19 -","isPartOf":{"@id":"https:\/\/www.nuevomilenio-inmo.com\/blog\/#website"},"datePublished":"2020-04-13T22:10:02+00:00","breadcrumb":{"@id":"https:\/\/www.nuevomilenio-inmo.com\/blog\/nuevas-ayudas-alquiler-consecuencia-la-crisis-del-covid-19\/#breadcrumb"},"inLanguage":"es","potentialAction":[{"@type":"ReadAction","target":["https:\/\/www.nuevomilenio-inmo.com\/blog\/nuevas-ayudas-alquiler-consecuencia-la-crisis-del-covid-19\/"]}]},{"@type":"BreadcrumbList","@id":"https:\/\/www.nuevomilenio-inmo.com\/blog\/nuevas-ayudas-alquiler-consecuencia-la-crisis-del-covid-19\/#breadcrumb","itemListElement":[{"@type":"ListItem","position":1,"name":"Portada","item":"https:\/\/www.nuevomilenio-inmo.com\/blog\/"},{"@type":"ListItem","position":2,"name":"Nuevas ayudas para el alquiler como consecuencia de la crisis del COVID-19"}]},{"@type":"WebSite","@id":"https:\/\/www.nuevomilenio-inmo.com\/blog\/#website","url":"https:\/\/www.nuevomilenio-inmo.com\/blog\/","name":"Blog de Nuevo Milenio","description":"","publisher":{"@id":"https:\/\/www.nuevomilenio-inmo.com\/blog\/#organization"},"potentialAction":[{"@type":"SearchAction","target":{"@type":"EntryPoint","urlTemplate":"https:\/\/www.nuevomilenio-inmo.com\/blog\/?s={search_term_string}"},"query-input":{"@type":"PropertyValueSpecification","valueRequired":true,"valueName":"search_term_string"}}],"inLanguage":"es"},{"@type":"Organization","@id":"https:\/\/www.nuevomilenio-inmo.com\/blog\/#organization","name":"Nuevo Milenio Inmobiliaria","url":"https:\/\/www.nuevomilenio-inmo.com\/blog\/","logo":{"@type":"ImageObject","inLanguage":"es","@id":"https:\/\/www.nuevomilenio-inmo.com\/blog\/#\/schema\/logo\/image\/","url":"https:\/\/www.nuevomilenio-inmo.com\/blog\/wp-content\/uploads\/2017\/12\/cropped-cropped-Logo-NM-2016.jpg","contentUrl":"https:\/\/www.nuevomilenio-inmo.com\/blog\/wp-content\/uploads\/2017\/12\/cropped-cropped-Logo-NM-2016.jpg","width":878,"height":169,"caption":"Nuevo Milenio Inmobiliaria"},"image":{"@id":"https:\/\/www.nuevomilenio-inmo.com\/blog\/#\/schema\/logo\/image\/"},"sameAs":["https:\/\/www.facebook.com\/nuevomilenioinmo\/","https:\/\/x.com\/milenioinmo"]},{"@type":"Person","@id":"https:\/\/www.nuevomilenio-inmo.com\/blog\/#\/schema\/person\/02a2314099283198817f5893070c4148","name":"milenio","image":{"@type":"ImageObject","inLanguage":"es","@id":"https:\/\/secure.gravatar.com\/avatar\/752b096831d3fe90fde96eb5b0d1174d5e05b434a068c36526ad2198667a6eb0?s=96&d=mm&r=g","url":"https:\/\/secure.gravatar.com\/avatar\/752b096831d3fe90fde96eb5b0d1174d5e05b434a068c36526ad2198667a6eb0?s=96&d=mm&r=g","contentUrl":"https:\/\/secure.gravatar.com\/avatar\/752b096831d3fe90fde96eb5b0d1174d5e05b434a068c36526ad2198667a6eb0?s=96&d=mm&r=g","caption":"milenio"},"sameAs":["https:\/\/www.facebook.com\/nuevomilenioinmo\/","https:\/\/x.com\/milenioinmo"]}]}},"_links":{"self":[{"href":"https:\/\/www.nuevomilenio-inmo.com\/blog\/wp-json\/wp\/v2\/posts\/1051","targetHints":{"allow":["GET"]}}],"collection":[{"href":"https:\/\/www.nuevomilenio-inmo.com\/blog\/wp-json\/wp\/v2\/posts"}],"about":[{"href":"https:\/\/www.nuevomilenio-inmo.com\/blog\/wp-json\/wp\/v2\/types\/post"}],"author":[{"embeddable":true,"href":"https:\/\/www.nuevomilenio-inmo.com\/blog\/wp-json\/wp\/v2\/users\/1"}],"replies":[{"embeddable":true,"href":"https:\/\/www.nuevomilenio-inmo.com\/blog\/wp-json\/wp\/v2\/comments?post=1051"}],"version-history":[{"count":2,"href":"https:\/\/www.nuevomilenio-inmo.com\/blog\/wp-json\/wp\/v2\/posts\/1051\/revisions"}],"predecessor-version":[{"id":1053,"href":"https:\/\/www.nuevomilenio-inmo.com\/blog\/wp-json\/wp\/v2\/posts\/1051\/revisions\/1053"}],"wp:attachment":[{"href":"https:\/\/www.nuevomilenio-inmo.com\/blog\/wp-json\/wp\/v2\/media?parent=1051"}],"wp:term":[{"taxonomy":"category","embeddable":true,"href":"https:\/\/www.nuevomilenio-inmo.com\/blog\/wp-json\/wp\/v2\/categories?post=1051"},{"taxonomy":"post_tag","embeddable":true,"href":"https:\/\/www.nuevomilenio-inmo.com\/blog\/wp-json\/wp\/v2\/tags?post=1051"}],"curies":[{"name":"wp","href":"https:\/\/api.w.org\/{rel}","templated":true}]}}